{"id":711877,"date":"2026-09-06T07:17:03","date_gmt":"2026-09-06T07:17:03","guid":{"rendered":"https:\/\/microscopemedia.com\/?p=711877"},"modified":"2026-09-06T07:17:03","modified_gmt":"2026-09-06T07:17:03","slug":"o-poveste-romaneasca-ajunge-pe-marele-ecran-la-venetia-alina-serban-transforma-experientele-dureroase-in-cinema","status":"publish","type":"post","link":"https:\/\/microscopemedia.com\/?p=711877","title":{"rendered":"O poveste rom\u00e2neasc\u0103 ajunge pe marele ecran la Vene\u021bia. Alina \u0218erban transform\u0103 experien\u021bele dureroase \u00een cinema"},"content":{"rendered":"<div class=\"sgb-google-buttons\">\n<div class=\"display-flex justify-center google-logo\"><img decoding=\"async\" loading=\"lazy\" class=\"mg-x-auto\" width=\"30\" height=\"30\" src=\"https:\/\/microscopemedia.com\/wp-content\/uploads\/2026\/09\/o-poveste-romaneasca-ajunge-pe-marele-ecran-la-venetia-alina-serban-transforma-experientele-dureroase-in-cinema.png\" alt><\/div>\n<\/p><\/div>\n<p class=\"isSelectedEnd\" id=\"p-0\">Filmul, inspirat din experien\u021bele propriei sale vie\u021bi, este prezentat drept primul lungmetraj al unei regizoare rome care ajunge la un festival cinematografic de categorie A, potrivit <a href=\"https:\/\/variety.com\/2026\/film\/global\/roma-alina-serban-venice-i-matter-1236847100\/\" target=\"_blank\" rel=\"noopener\">Variety<\/a>.<\/p>\n<h2 id=\"chapter-0\">\u201eAm reu\u0219it s\u0103 fac ceva aproape imposibil\u201d<\/h2>\n<p class=\"isSelectedEnd\" id=\"p-1\">Alina \u0218erban a vorbit despre presiunea pe care o resimte \u00een fa\u021ba acestei premiere, dar \u0219i despre satisfac\u021bia de a fi ajuns la unul dintre cele mai importante festivaluri cinematografice interna\u021bionale.<\/p>\n<p class=\"isSelectedEnd\" id=\"p-2\">\u201eSunt emo\u021bionat\u0103 de presiunea de a fi \u00abprima\u00bb\u201d, a declarat artista pentru Variety, ad\u0103ug\u00e2nd c\u0103 simte \u00een acela\u0219i timp o mare u\u0219urare \u0219i recuno\u0219tin\u021b\u0103 pentru faptul c\u0103 a reu\u0219it s\u0103 duc\u0103 la cap\u0103t \u201eceva aproape imposibil\u201d.<\/p>\n<p class=\"isSelectedEnd\" id=\"p-3\">\u201eI Matter\u201d urm\u0103re\u0219te povestea unei tinere rome care studiaz\u0103 actoria. Amenin\u021bat\u0103 c\u0103 va fi dat\u0103 afar\u0103 din orfelinat, protagonista este obligat\u0103 s\u0103 se confrunte at\u00e2t cu propria identitate, c\u00e2t \u0219i cu perspectiva unei vie\u021bi pe cont propriu.<\/p>\n<p class=\"isSelectedEnd\" id=\"p-4\">Lungmetrajul porne\u0219te de la scurtmetrajul cu acela\u0219i titlu, realizat \u00een 2021. Rolul principal este interpretat de debutanta Denisa Farca\u0219.<\/p>\n<h2 id=\"chapter-1\">De la orfelinat la marile \u0219coli de teatru<\/h2>\n<p class=\"isSelectedEnd\" id=\"p-5\">Parcursul Alinei \u0218erban este str\u00e2ns legat de temele filmului. Crescut\u0103 \u00een s\u0103r\u0103cie la Bucure\u0219ti, aceasta a ajuns de mic\u0103 \u00eentr-un orfelinat de stat \u0219i a devenit ulterior prima persoan\u0103 din familia sa care a absolvit liceul.<\/p>\n<p class=\"isSelectedEnd\" id=\"p-6\">Dup\u0103 studiile de teatru \u0219i film de la Bucure\u0219ti, a fost acceptat\u0103 la Tisch School of the Arts din cadrul New York University, iar ulterior a ob\u021binut un master la Royal Academy of Dramatic Art din Londra. Revenit\u0103 \u00een Rom\u00e2nia, \u0219i-a transformat experien\u021bele personale, inclusiv discriminarea cu care s-a confruntat, \u00een spectacole de teatru.<\/p>\n<p class=\"isSelectedEnd\" id=\"p-7\">\u0218erban spune c\u0103 unul dintre obiectivele crea\u021biilor sale este prezentarea personajelor rome dincolo de stereotipurile de victim\u0103 sau personaj negativ \u0219i construirea unor pove\u0219ti care s\u0103 le redea umanitatea \u0219i complexitatea.<\/p>\n<h2 id=\"chapter-2\">O delega\u021bie numeroas\u0103 pe covorul ro\u0219u<\/h2>\n<p class=\"isSelectedEnd\" id=\"p-8\">Premiera \u201eI Matter\u201d va avea \u0219i o component\u0103 simbolic\u0103 puternic\u0103. Aproape 24 de membri ai distribu\u021biei sunt a\u0219tepta\u021bi la Vene\u021bia, printre ace\u0219tia afl\u00e2ndu-se cei 16 copii care interpreteaz\u0103 personaje din orfelinat. Forma\u021bia rom\u0103 Mahala Rai Banda urmeaz\u0103 s\u0103 acompanieze sosirea echipei pe covorul ro\u0219u.<\/p>\n<p class=\"isSelectedEnd\" id=\"p-9\">Nu este prima participare a Alinei \u0218erban la festival. \u00cen 2023, ea s-a aflat la Vene\u021bia ca actri\u021b\u0103 \u00een distribu\u021bia filmului \u201eHousekeeping for Beginners\u201d, regizat de Goran Stolevski.<\/p>\n<p id=\"p-10\">De aceast\u0103 dat\u0103, \u00eens\u0103, participarea are o semnifica\u021bie diferit\u0103. \u0218erban consider\u0103 premiera un moment istoric at\u00e2t pentru ea, c\u00e2t \u0219i pentru comunitatea rom\u0103 \u0219i spune c\u0103 dore\u0219te ca filmul s\u0103 transmit\u0103 un mesaj despre demnitate, celebrarea identit\u0103\u021bii \u0219i suferin\u021bele care trebuie f\u0103cute vizibile.<\/p>\n","protected":false},"excerpt":{"rendered":"<p>Filmul, inspirat din experien\u021bele propriei sale vie\u021bi, este prezentat drept primul lungmetraj al unei regizoare rome care ajunge la un festival cinematografic de categorie A, potrivit Variety. \u201eAm reu\u0219it s\u0103 &hellip; <a href=\"https:\/\/microscopemedia.com\/?p=711877\" class=\"more-link\">Read More<\/a><\/p>\n","protected":false},"author":1,"featured_media":711878,"comment_status":"closed","ping_status":"closed","sticky":false,"template":"Default","format":"standard","meta":[],"categories":[1],"tags":[],"_links":{"self":[{"href":"https:\/\/microscopemedia.com\/index.php?rest_route=\/wp\/v2\/posts\/711877"}],"collection":[{"href":"https:\/\/microscopemedia.com\/index.php?rest_route=\/wp\/v2\/posts"}],"about":[{"href":"https:\/\/microscopemedia.com\/index.php?rest_route=\/wp\/v2\/types\/post"}],"author":[{"embeddable":true,"href":"https:\/\/microscopemedia.com\/index.php?rest_route=\/wp\/v2\/users\/1"}],"replies":[{"embeddable":true,"href":"https:\/\/microscopemedia.com\/index.php?rest_route=%2Fwp%2Fv2%2Fcomments&post=711877"}],"version-history":[{"count":0,"href":"https:\/\/microscopemedia.com\/index.php?rest_route=\/wp\/v2\/posts\/711877\/revisions"}],"wp:featuredmedia":[{"embeddable":true,"href":"https:\/\/microscopemedia.com\/index.php?rest_route=\/wp\/v2\/media\/711878"}],"wp:attachment":[{"href":"https:\/\/microscopemedia.com\/index.php?rest_route=%2Fwp%2Fv2%2Fmedia&parent=711877"}],"wp:term":[{"taxonomy":"category","embeddable":true,"href":"https:\/\/microscopemedia.com\/index.php?rest_route=%2Fwp%2Fv2%2Fcategories&post=711877"},{"taxonomy":"post_tag","embeddable":true,"href":"https:\/\/microscopemedia.com\/index.php?rest_route=%2Fwp%2Fv2%2Ftags&post=711877"}],"curies":[{"name":"wp","href":"https:\/\/api.w.org\/{rel}","templated":true}]}}