{"id":711879,"date":"2026-09-06T07:36:03","date_gmt":"2026-09-06T07:36:03","guid":{"rendered":"https:\/\/microscopemedia.com\/?p=711879"},"modified":"2026-09-06T07:36:03","modified_gmt":"2026-09-06T07:36:03","slug":"cine-este-ulrich-siegmund-cel-mai-periculos-om-din-germania-afd-se-indreapta-spre-un-rezultat-fara-precedent-in-saxonia-anhalt","status":"publish","type":"post","link":"https:\/\/microscopemedia.com\/?p=711879","title":{"rendered":"Cine este Ulrich Siegmund, \u201ecel mai periculos om din Germania\u201d. AfD se \u00eendreapt\u0103 spre un rezultat f\u0103r\u0103 precedent \u00een Saxonia-Anhalt"},"content":{"rendered":"<div class=\"sgb-google-buttons\">\n<div class=\"display-flex justify-center google-logo\"><img decoding=\"async\" loading=\"lazy\" class=\"mg-x-auto\" width=\"30\" height=\"30\" src=\"https:\/\/microscopemedia.com\/wp-content\/uploads\/2026\/09\/cine-este-ulrich-siegmund-cel-mai-periculos-om-din-germania-afd-se-indreapta-spre-un-rezultat-fara-precedent-in-saxonia-anhalt.png\" alt><\/div>\n<\/p><\/div>\n<p id=\"p-0\">\u00cen timp ce mul\u021bi politicieni germani se confrunt\u0103 cu ostilitate \u0219i insulte \u00een campanie, Ulrich Siegmund a atras \u00een aceast\u0103 var\u0103 un num\u0103r tot mai mare de sus\u021bin\u0103tori, pe fondul ascensiunii AfD la peste 40% \u00een sondaje \u00een landul Saxonia-Anhalt, informeaz\u0103 agen\u021bia dpa.<\/p>\n<p id=\"p-1\">De\u0219i filiala AfD din Saxonia-Anhalt este clasificat\u0103 oficial drept extremist\u0103 de dreapta, partidul are \u0219anse s\u0103 ob\u021bin\u0103 o majoritate absolut\u0103 f\u0103r\u0103 precedent \u00een parlamentul regional de la Magdeburg.<\/p>\n<p id=\"p-2\">Un asemenea rezultat i-ar permite s\u0103 guverneze f\u0103r\u0103 sprijinul partidelor tradi\u021bionale, care au exclus p\u00e2n\u0103 acum orice cooperare cu <a href=\"https:\/\/www.mediafax.ro\/externe\/doi-lideri-politici-germani-cer-interzicerea-unor-filiale-afd-partidul-ar-putea-ajunge-pentru-prima-data-la-putere-intr-un-land-23798176\">AfD<\/a>.<\/p>\n<h2 id=\"chapter-0\">Cum a ajuns Ulrich Siegmund \u00een prim-planul politicii germane<\/h2>\n<p id=\"p-3\">Ulrich Siegmund ar deveni astfel cel mai t\u00e2n\u0103r premier al unui land german din istorie \u0219i primul politician de extrem\u0103 dreapta care ar conduce un land dup\u0103 Al Doilea R\u0103zboi Mondial.<\/p>\n<p id=\"p-4\">Oriunde apare politicianul \u00een v\u00e2rst\u0103 de 35 de ani, sus\u021bin\u0103torii formeaz\u0103 cozi pentru a face fotografii cu el. Clipurile de la evenimentele sale de campanie sunt atent realizate pentru re\u021belele sociale \u0219i \u00eel prezint\u0103 pe Siegmund \u00eentr-o lumin\u0103 pozitiv\u0103, apropiat de simpatizan\u021bi, pe care \u00eei \u00eent\u00e2mpin\u0103 adesea cu \u00eembr\u0103\u021bi\u0219\u0103ri sau c\u00e2teva cuvinte amabile.<\/p>\n<p id=\"p-5\">\u201e\u00cempreun\u0103, ne vom lua \u021bara \u00eenapoi\u201d, este mesajul s\u0103u. Propunerile politice concrete apar rareori pe agend\u0103, iar atunci c\u00e2nd este presat s\u0103 ofere r\u0103spunsuri, Siegmund \u00ee\u0219i p\u0103streaz\u0103 z\u00e2mbetul \u0219i evit\u0103 \u00eentreb\u0103rile.<\/p>\n<p id=\"p-6\">Sintagma \u201ecel mai periculos om din Germania\u201d, folosit\u0103 de influenta revist\u0103 Der Spiegel pe coperta unei edi\u021bii din august, a devenit \u00eentre timp un motiv de m\u00e2ndrie pentru o parte dintre sus\u021bin\u0103torii s\u0103i.<\/p>\n<h2 id=\"chapter-1\">De la osp\u0103tar \u0219i muncitor pe \u0219antier la lider regional<\/h2>\n<p id=\"p-7\">N\u0103scut \u00een 1990, anul reunific\u0103rii Germaniei, Siegmund nu a urmat traseul educa\u021bional obi\u0219nuit al multor politicieni germani.<\/p>\n<p id=\"p-8\">\u00cen adolescen\u021b\u0103 a lucrat ca osp\u0103tar \u0219i muncitor pe \u0219antiere, \u00eenainte de a \u00eencepe o formare profesional\u0103 \u00een domeniul comer\u021bului exterior.<\/p>\n<p id=\"p-9\">Ulterior, a ob\u021binut o diplom\u0103 de licen\u021b\u0103 \u00een psihologia afacerilor \u0219i administrarea afacerilor la o universitate cu \u00eenv\u0103\u021b\u0103m\u00e2nt la distan\u021b\u0103 din Hamburg \u0219i a \u00eenfiin\u021bat o afacere care comercializa odorizante de interior \u0219i parfumuri.<\/p>\n<p id=\"p-10\">\u00cen tinere\u021be a fost membru al Uniunii Cre\u0219tin-Democrate (CDU), dar a p\u0103r\u0103sit forma\u021biunea rapid \u0219i s-a al\u0103turat AfD. \u00cen 2016 a intrat \u00een parlamentul landului Saxonia-Anhalt.<\/p>\n<p id=\"p-11\">Vizibilitatea sa public\u0103 a crescut considerabil \u00een timpul pandemiei de coronavirus, c\u00e2nd videoclipurile publicate pe re\u021belele sociale, \u00een care critica restric\u021biile, i-au adus sute de mii de urm\u0103ritori.<\/p>\n<p id=\"p-12\">\u00cen 2022 a devenit copre\u0219edinte al grupului parlamentar AfD din <a href=\"https:\/\/www.mediafax.ro\/externe\/angela-merkel-avertisment-inaintea-alegerilor-din-saxonia-anhalt-trebuie-sa-luptam-pentru-democratie-23798575\">Saxonia-Anhalt<\/a>, iar \u00een mai 2025 a fost desemnat principalul candidat al partidului pentru alegerile regionale, cu sprijinul a peste 98% dintre colegii s\u0103i.<\/p>\n<h2 id=\"chapter-2\">Controversa privind \u201eremigra\u021bia\u201d \u0219i acuza\u021biile de nepotism<\/h2>\n<p id=\"p-13\">Siegmund a ajuns pentru prima dat\u0103 \u00een centrul unor controverse majore dup\u0103 ce s-a aflat c\u0103 a participat, \u00een noiembrie 2023, la o reuniune devenit\u0103 celebr\u0103 la Potsdam, \u00een cadrul c\u0103reia Martin Sellner, fost lider al Mi\u0219c\u0103rii Identitare de extrem\u0103 dreapta, a vorbit despre \u201eremigra\u021bie\u201d, concept asociat cu \u00eendep\u0103rtarea din Germania a unui num\u0103r mare de imigran\u021bi.<\/p>\n<p id=\"p-14\">\u00cen urma dezv\u0103luirilor, parlamentul landului Saxonia-Anhalt l-a \u00eenl\u0103turat pe Siegmund din func\u021bia de pre\u0219edinte al comisiei pentru afaceri sociale.<\/p>\n<p id=\"p-15\">Politicianul a fost implicat \u0219i \u00eentr-un <a href=\"https:\/\/www.mediafax.ro\/externe\/afd-din-germania-vizat-de-acuzatii-de-nepotism-inaintea-unor-alegeri-regionale-decisive-23693216\">scandal de nepotism<\/a> izbucnit la \u00eenceputul acestui an. Potrivit relat\u0103rilor din pres\u0103, tat\u0103l s\u0103u ar fi primit peste 7.500 de euro pe lun\u0103 \u00een calitate de angajat parlamentar al unui coleg din AfD. Cazul a f\u0103cut parte dintr-o controvers\u0103 mai ampl\u0103 privind angajarea rudelor unor politicieni ai partidului pe bani publici.<\/p>\n<p id=\"p-16\">Siegmund a r\u0103spuns criticilor sus\u021bin\u00e2nd c\u0103 partidul trebuie s\u0103 se bazeze pe oameni \u00een care are \u00eencredere. Controversa pare \u00eens\u0103 s\u0103 fi avut un impact redus asupra sus\u021binerii sale electorale.<\/p>\n<h2 id=\"chapter-3\">O imagine mai moderat\u0103 \u00een campanie<\/h2>\n<p id=\"p-17\">Siegmund locuie\u0219te \u00eempreun\u0103 cu so\u021bia sa, Julia, \u0219i fiica lor \u00een micul ora\u0219 Tangerm\u00fcnde, situat pe r\u00e2ul Elba. \u00cen timpul liber merge la sal\u0103, iar printre pasiunile sale s-a num\u0103rat \u0219i c\u0103utarea de obiecte cu detectorul de metale.<\/p>\n<p id=\"p-18\">\u00cen campania electoral\u0103, Siegmund \u00eencearc\u0103 adesea s\u0103 proiecteze o imagine mai moderat\u0103 dec\u00e2t cea asociat\u0103 programului controversat al partidului, f\u0103r\u0103 \u00eens\u0103 s\u0103 se distan\u021beze de colegii s\u0103i radicali.<\/p>\n<p id=\"p-19\">La \u00eent\u00e2lnirile cu aleg\u0103torii, el sus\u021bine c\u0103 este nevoie doar de \u201ebun-sim\u021b\u201d pentru a vedea problemele cu care se confrunt\u0103 Germania \u00een domenii precum migra\u021bia, politica energetic\u0103 sau mass-media.<\/p>\n<p id=\"p-20\">AfD a profitat de nemul\u021bumirea tot mai mare fa\u021b\u0103 de partidele tradi\u021bionale, iar un nou val de infla\u021bie asociat r\u0103zboiului din Iran a amplificat preocup\u0103rile aleg\u0103torilor.<\/p>\n<h2 id=\"chapter-4\">AfD conduce deta\u0219at \u00eenaintea alegerilor<\/h2>\n<p id=\"p-21\">Sondajele sugereaz\u0103 c\u0103 Siegmund, care folose\u0219te intens re\u021belele sociale, a reu\u0219it s\u0103 transforme aceast\u0103 nemul\u021bumire \u00een sprijin electoral. Pentru politicianul \u00een v\u00e2rst\u0103 de 35 de ani, perspectiva de a ajunge la conducerea landului Saxonia-Anhalt este acum una real\u0103.<\/p>\n<p id=\"p-22\">Cel mai recent sondaj, realizat de Forschungsgruppe Wahlen pentru ZDF \u00een perioada 1-3 septembrie, arat\u0103 c\u0103 AfD conduce deta\u0219at \u00een Saxonia-Anhalt, cu 41% din inten\u021biile de vot. CDU este pe locul al doilea, cu 23%, urmat\u0103 de Die Linke, cu 11,5%, SPD, cu 8,5%, Verzii, cu 6%, BSW, cu 4%, \u0219i FDP, cu 3%.<\/p>\n","protected":false},"excerpt":{"rendered":"<p>\u00cen timp ce mul\u021bi politicieni germani se confrunt\u0103 cu ostilitate \u0219i insulte \u00een campanie, Ulrich Siegmund a atras \u00een aceast\u0103 var\u0103 un num\u0103r tot mai mare de sus\u021bin\u0103tori, pe fondul &hellip; <a href=\"https:\/\/microscopemedia.com\/?p=711879\" class=\"more-link\">Read More<\/a><\/p>\n","protected":false},"author":1,"featured_media":711880,"comment_status":"closed","ping_status":"closed","sticky":false,"template":"Default","format":"standard","meta":[],"categories":[1],"tags":[],"_links":{"self":[{"href":"https:\/\/microscopemedia.com\/index.php?rest_route=\/wp\/v2\/posts\/711879"}],"collection":[{"href":"https:\/\/microscopemedia.com\/index.php?rest_route=\/wp\/v2\/posts"}],"about":[{"href":"https:\/\/microscopemedia.com\/index.php?rest_route=\/wp\/v2\/types\/post"}],"author":[{"embeddable":true,"href":"https:\/\/microscopemedia.com\/index.php?rest_route=\/wp\/v2\/users\/1"}],"replies":[{"embeddable":true,"href":"https:\/\/microscopemedia.com\/index.php?rest_route=%2Fwp%2Fv2%2Fcomments&post=711879"}],"version-history":[{"count":0,"href":"https:\/\/microscopemedia.com\/index.php?rest_route=\/wp\/v2\/posts\/711879\/revisions"}],"wp:featuredmedia":[{"embeddable":true,"href":"https:\/\/microscopemedia.com\/index.php?rest_route=\/wp\/v2\/media\/711880"}],"wp:attachment":[{"href":"https:\/\/microscopemedia.com\/index.php?rest_route=%2Fwp%2Fv2%2Fmedia&parent=711879"}],"wp:term":[{"taxonomy":"category","embeddable":true,"href":"https:\/\/microscopemedia.com\/index.php?rest_route=%2Fwp%2Fv2%2Fcategories&post=711879"},{"taxonomy":"post_tag","embeddable":true,"href":"https:\/\/microscopemedia.com\/index.php?rest_route=%2Fwp%2Fv2%2Ftags&post=711879"}],"curies":[{"name":"wp","href":"https:\/\/api.w.org\/{rel}","templated":true}]}}