{"id":711881,"date":"2026-09-06T07:46:04","date_gmt":"2026-09-06T07:46:04","guid":{"rendered":"https:\/\/microscopemedia.com\/?p=711881"},"modified":"2026-09-06T07:46:04","modified_gmt":"2026-09-06T07:46:04","slug":"miss-world-2026-si-a-desemnat-castigatoarea-cine-este-tanara-de-24-de-ani-care-a-cucerit-coroana","status":"publish","type":"post","link":"https:\/\/microscopemedia.com\/?p=711881","title":{"rendered":"Miss World 2026 \u0219i-a desemnat c\u00e2\u0219tig\u0103toarea. Cine este t\u00e2n\u0103ra de 24 de ani care a cucerit coroana"},"content":{"rendered":"<div class=\"sgb-google-buttons\">\n<div class=\"display-flex justify-center google-logo\"><img decoding=\"async\" loading=\"lazy\" class=\"mg-x-auto\" width=\"30\" height=\"30\" src=\"https:\/\/microscopemedia.com\/wp-content\/uploads\/2026\/09\/miss-world-2026-si-a-desemnat-castigatoarea-cine-este-tanara-de-24-de-ani-care-a-cucerit-coroana.png\" alt><\/div>\n<\/p><\/div>\n<p class=\"isSelectedEnd\" id=\"p-0\">Victoria marcheaz\u0103 revenirea Republicii Dominicane \u00een fruntea competi\u021biei dup\u0103 44 de ani \u0219i aduce \u021b\u0103rii cea de-a doua coroan\u0103 Miss World din istorie, potrivit <a href=\"https:\/\/www.missworld.com\/news\/joheirry-mola-of-the-dominican-republic-crowned-the-73rd-miss-world-in-a-historic-75th-anniversary-final-in-vietnam\" target=\"_blank\" rel=\"noopener\">organizatorilor.<\/a><\/p>\n<h2 id=\"chapter-0\">Republica Dominican\u0103 c\u00e2\u0219tig\u0103 din nou dup\u0103 44 de ani<\/h2>\n<p class=\"isSelectedEnd\" id=\"p-1\">Joheirry Mola a primit coroana de la Opal Suchata Chuangsri, reprezentanta Thailandei \u0219i de\u021bin\u0103toarea precedentului titlu, \u00een finala desf\u0103\u0219urat\u0103 pe 5 septembrie, \u00een 2 April Square din Nha Trang.<\/p>\n<p class=\"isSelectedEnd\" id=\"p-2\">Pe locul al doilea s-a clasat Elisabeth Reyn\u00e9s, reprezentanta Spaniei, iar pozi\u021bia a treia i-a revenit lui Taanusiya Chetty din Malaysia.<\/p>\n<p class=\"isSelectedEnd\" id=\"p-3\">Este a doua victorie din istoria Republicii Dominicane. Prima a fost ob\u021binut\u0103 \u00een 1982 de Mariasela \u00c1lvarez.<\/p>\n<p class=\"isSelectedEnd\" id=\"p-4\">Edi\u021bia din acest an a avut \u0219i o semnifica\u021bie aniversar\u0103, marc\u00e2nd 75 de ani de existen\u021b\u0103 a Miss World. Finala a \u00eencheiat un festival desf\u0103\u0219urat pe parcursul a patru s\u0103pt\u0103m\u00e2ni, la care au participat reprezentante din 111 \u021b\u0103ri \u0219i teritorii. Vietnamul a g\u0103zduit pentru prima dat\u0103 competi\u021bia.<\/p>\n<h2 id=\"chapter-1\">Cine este Joheirry Mola<\/h2>\n<p class=\"isSelectedEnd\" id=\"p-5\">Noua Miss World este absolvent\u0103 de Business Management and Administration la Universidad Iberoamericana \u0219i lucreaz\u0103 \u00een educa\u021bie \u0219i comunicare. Pred\u0103 literatur\u0103 \u0219i studii sociale \u00een limba englez\u0103 \u0219i este fondatoarea organiza\u021biei Voices of Tomorrow.<\/p>\n<p class=\"isSelectedEnd\" id=\"p-6\">Prin aceast\u0103 ini\u021biativ\u0103, Mola urm\u0103re\u0219te extinderea accesului la educa\u021bie \u00een limba englez\u0103 pentru copiii \u0219i tinerii din comunit\u0103\u021bi vulnerabile, cu accent pe dezvoltarea g\u00e2ndirii critice \u0219i a capacit\u0103\u021bii de exprimare.<\/p>\n<p class=\"isSelectedEnd\" id=\"p-7\">\u00cen ultima etap\u0103 a concursului, ea a vorbit despre modul \u00een care educa\u021bia poate crea oportunit\u0103\u021bi pentru copii \u0219i a prezentat experien\u021ba acumulat\u0103 prin proiectul s\u0103u social.<\/p>\n<h2 id=\"chapter-2\">111 concurente au intrat \u00een competi\u021bie<\/h2>\n<p class=\"isSelectedEnd\" id=\"p-8\">Drumul spre coroan\u0103 a presupus mai multe etape eliminatorii. Din cele 111 participante au fost selectate ini\u021bial 40, apoi 20 \u0219i 12, \u00eenainte ca \u0219ase concurente s\u0103 ajung\u0103 \u00een etapa decisiv\u0103.<\/p>\n<p class=\"isSelectedEnd\" id=\"p-9\">Finalistele au reprezentat Africa de Sud, Republica Dominican\u0103, Vietnam, Spania, Malaysia \u0219i Eritreea. Fiecare a avut o ultim\u0103 interven\u021bie \u00een care \u0219i-a prezentat obiectivele \u0219i impactul pe care inten\u021biona s\u0103 \u00eel aib\u0103 \u00een cazul c\u00e2\u0219tig\u0103rii titlului.<\/p>\n<p id=\"p-10\">Rom\u00e2nia nu s-a reg\u0103sit \u00eentre cele 40 de participante calificate \u00een sferturile de final\u0103. Din Europa au avansat \u00een aceast\u0103 etap\u0103 reprezentantele Belgiei, Angliei, Fran\u021bei, Germaniei, Gibraltarului, Poloniei, Sco\u021biei, Spaniei, Ucrainei \u0219i \u021a\u0103rii Galilor.<\/p>\n","protected":false},"excerpt":{"rendered":"<p>Victoria marcheaz\u0103 revenirea Republicii Dominicane \u00een fruntea competi\u021biei dup\u0103 44 de ani \u0219i aduce \u021b\u0103rii cea de-a doua coroan\u0103 Miss World din istorie, potrivit organizatorilor. Republica Dominican\u0103 c\u00e2\u0219tig\u0103 din nou &hellip; <a href=\"https:\/\/microscopemedia.com\/?p=711881\" class=\"more-link\">Read More<\/a><\/p>\n","protected":false},"author":1,"featured_media":711882,"comment_status":"closed","ping_status":"closed","sticky":false,"template":"Default","format":"standard","meta":[],"categories":[1],"tags":[],"_links":{"self":[{"href":"https:\/\/microscopemedia.com\/index.php?rest_route=\/wp\/v2\/posts\/711881"}],"collection":[{"href":"https:\/\/microscopemedia.com\/index.php?rest_route=\/wp\/v2\/posts"}],"about":[{"href":"https:\/\/microscopemedia.com\/index.php?rest_route=\/wp\/v2\/types\/post"}],"author":[{"embeddable":true,"href":"https:\/\/microscopemedia.com\/index.php?rest_route=\/wp\/v2\/users\/1"}],"replies":[{"embeddable":true,"href":"https:\/\/microscopemedia.com\/index.php?rest_route=%2Fwp%2Fv2%2Fcomments&post=711881"}],"version-history":[{"count":0,"href":"https:\/\/microscopemedia.com\/index.php?rest_route=\/wp\/v2\/posts\/711881\/revisions"}],"wp:featuredmedia":[{"embeddable":true,"href":"https:\/\/microscopemedia.com\/index.php?rest_route=\/wp\/v2\/media\/711882"}],"wp:attachment":[{"href":"https:\/\/microscopemedia.com\/index.php?rest_route=%2Fwp%2Fv2%2Fmedia&parent=711881"}],"wp:term":[{"taxonomy":"category","embeddable":true,"href":"https:\/\/microscopemedia.com\/index.php?rest_route=%2Fwp%2Fv2%2Fcategories&post=711881"},{"taxonomy":"post_tag","embeddable":true,"href":"https:\/\/microscopemedia.com\/index.php?rest_route=%2Fwp%2Fv2%2Ftags&post=711881"}],"curies":[{"name":"wp","href":"https:\/\/api.w.org\/{rel}","templated":true}]}}