{"id":711883,"date":"2026-09-06T07:57:03","date_gmt":"2026-09-06T07:57:03","guid":{"rendered":"https:\/\/microscopemedia.com\/?p=711883"},"modified":"2026-09-06T07:57:03","modified_gmt":"2026-09-06T07:57:03","slug":"valentin-ceausescu-aparitie-rara-in-bucuresti-s-a-intalnit-cu-legendele-generatiei-de-aur-din-fotbal","status":"publish","type":"post","link":"https:\/\/microscopemedia.com\/?p=711883","title":{"rendered":"Valentin Ceau\u0219escu, apari\u021bie rar\u0103 \u00een Bucure\u0219ti. S-a \u00eent\u00e2lnit cu legendele genera\u021biei de aur din fotbal"},"content":{"rendered":"<div class=\"sgb-google-buttons\">\n<div class=\"display-flex justify-center google-logo\"><img decoding=\"async\" loading=\"lazy\" class=\"mg-x-auto\" width=\"30\" height=\"30\" src=\"https:\/\/microscopemedia.com\/wp-content\/uploads\/2026\/09\/valentin-ceausescu-aparitie-rara-in-bucuresti-s-a-intalnit-cu-legendele-generatiei-de-aur-din-fotbal.png\" alt><\/div>\n<\/p><\/div>\n<p class=\"isSelectedEnd\" id=\"p-0\">\u00cent\u00e2lnirea \u00eei aduce \u00eempreun\u0103 pe Valentin Ceau\u0219escu \u0219i o parte dintre oamenii cu care numele s\u0103u a fost asociat \u00een perioada de glorie a Stelei din anii \u201980.<\/p>\n<h2 id=\"chapter-0\">Valentin Ceau\u0219escu, la mas\u0103 cu patru dintre legendele Stelei<\/h2>\n<p class=\"isSelectedEnd\" id=\"p-2\">\u00cen imaginile recente postate de Gabi Balint pe Faceboo, Valentin Ceau\u0219escu apare a\u0219ezat la aceea\u0219i mas\u0103 cu acesta, Marius L\u0103c\u0103tu\u0219, Victor Pi\u021burc\u0103 \u0219i Tudorel Stoica.<\/p>\n<p class=\"isSelectedEnd\" id=\"p-3\">Cei patru fo\u0219ti fotbali\u0219ti au f\u0103cut parte din genera\u021bia care a scris cea mai important\u0103 pagin\u0103 din istoria fotbalului rom\u00e2nesc la nivel de club. Balint, L\u0103c\u0103tu\u0219 \u0219i Tudorel Stoica au f\u0103cut parte din echipa care a cucerit Cupa Campionilor Europeni \u00een 1986, dup\u0103 finala cu FC Barcelona de la Sevilla, \u00een timp ce Pi\u021burc\u0103 a fost, la r\u00e2ndul s\u0103u, unul dintre oamenii importan\u021bi ai Stelei din acea perioad\u0103.<\/p>\n<p class=\"isSelectedEnd\" id=\"p-4\">Prezen\u021ba lui Valentin Ceau\u0219escu al\u0103turi de fo\u0219tii juc\u0103tori readuce \u00een aten\u021bie leg\u0103tura sa cu clubul militar. Ceau\u0219escu este recunscut drept \u201eomul din umbra\u201d succesului Stelei, acesta fiind implicat \u00een fenomenul sportiv \u00een perioada \u00een care forma\u021bia bucure\u0219tean\u0103 a ajuns \u00een v\u00e2rful fotbalului european.<\/p>\n<h2 id=\"chapter-1\">Apari\u021biile sale publice sunt rare<\/h2>\n<p class=\"isSelectedEnd\" id=\"p-5\">Valentin Ceau\u0219escu a r\u0103mas o prezen\u021b\u0103 discret\u0103 dup\u0103 c\u0103derea regimului comunist, iar apari\u021biile sale publice au fost pu\u021bine.<\/p>\n<p class=\"isSelectedEnd\" id=\"p-6\">Una dintre precedentele apari\u021bii consemnate de pres\u0103 a avut loc \u00een <a href=\"https:\/\/www.mediafax.ro\/social\/prima-aparitie-a-lui-valentin-ceausescu-dupa-ce-a-fost-diagnosticat-cu-probleme-medicale-foto-video-23644715\" target=\"_blank\" rel=\"noopener\">noiembrie 2025<\/a>, c\u00e2nd a participat la premiera documentarului dedicat lui Ladislau B\u00f6l\u00f6ni. Imaginile de atunci au fost publicate \u00een contextul informa\u021biilor potrivit c\u0103rora acesta se confrunta cu probleme de s\u0103n\u0103tate.<br \/>Surse medicale afirmau c\u0103 lui Valentin Ceau\u0219escu \u00eei recidivase o afec\u021biune grav\u0103 \u0219i c\u0103 acesta solicitase sprijinul statului pentru un tratament costisitor. Potrivit acelora\u0219i informa\u021bii, o singur\u0103 administrare a tratamentului ajungea la peste 7.500 de lei.<\/p>\n<h2 id=\"chapter-2\">Valentin Ceau\u0219escu s-a dedicat fizicii<\/h2>\n<p class=\"isSelectedEnd\" id=\"p-7\">Valentin Ceau\u0219escu s-a n\u0103scut la 17 februarie 1948, la Bucure\u0219ti, \u0219i este primul dintre cei trei copii ai lui Nicolae \u0219i Elena Ceau\u0219escu.<\/p>\n<p class=\"isSelectedEnd\" id=\"p-8\">A studiat ini\u021bial fizica la Bucure\u0219ti, iar ulterior \u0219i-a continuat preg\u0103tirea la Imperial College din Londra, pe care l-a absolvit \u00een 1970. Dup\u0103 revenirea \u00een \u021bar\u0103, a lucrat la Institutul de Fizic\u0103 Atomic\u0103.<\/p>\n<p class=\"isSelectedEnd\" id=\"p-9\">\u00cen timpul Revolu\u021biei din decembrie 1989 a fost arestat \u00een 25 decembrie, chiar \u00een ziua execut\u0103rii p\u0103rin\u021bilor s\u0103i. A fost acuzat de subminarea economiei na\u021bionale \u0219i a fost eliberat \u00een august 1990.<\/p>\n","protected":false},"excerpt":{"rendered":"<p>\u00cent\u00e2lnirea \u00eei aduce \u00eempreun\u0103 pe Valentin Ceau\u0219escu \u0219i o parte dintre oamenii cu care numele s\u0103u a fost asociat \u00een perioada de glorie a Stelei din anii \u201980. Valentin Ceau\u0219escu, &hellip; <a href=\"https:\/\/microscopemedia.com\/?p=711883\" class=\"more-link\">Read More<\/a><\/p>\n","protected":false},"author":1,"featured_media":711884,"comment_status":"closed","ping_status":"closed","sticky":false,"template":"Default","format":"standard","meta":[],"categories":[1],"tags":[],"_links":{"self":[{"href":"https:\/\/microscopemedia.com\/index.php?rest_route=\/wp\/v2\/posts\/711883"}],"collection":[{"href":"https:\/\/microscopemedia.com\/index.php?rest_route=\/wp\/v2\/posts"}],"about":[{"href":"https:\/\/microscopemedia.com\/index.php?rest_route=\/wp\/v2\/types\/post"}],"author":[{"embeddable":true,"href":"https:\/\/microscopemedia.com\/index.php?rest_route=\/wp\/v2\/users\/1"}],"replies":[{"embeddable":true,"href":"https:\/\/microscopemedia.com\/index.php?rest_route=%2Fwp%2Fv2%2Fcomments&post=711883"}],"version-history":[{"count":0,"href":"https:\/\/microscopemedia.com\/index.php?rest_route=\/wp\/v2\/posts\/711883\/revisions"}],"wp:featuredmedia":[{"embeddable":true,"href":"https:\/\/microscopemedia.com\/index.php?rest_route=\/wp\/v2\/media\/711884"}],"wp:attachment":[{"href":"https:\/\/microscopemedia.com\/index.php?rest_route=%2Fwp%2Fv2%2Fmedia&parent=711883"}],"wp:term":[{"taxonomy":"category","embeddable":true,"href":"https:\/\/microscopemedia.com\/index.php?rest_route=%2Fwp%2Fv2%2Fcategories&post=711883"},{"taxonomy":"post_tag","embeddable":true,"href":"https:\/\/microscopemedia.com\/index.php?rest_route=%2Fwp%2Fv2%2Ftags&post=711883"}],"curies":[{"name":"wp","href":"https:\/\/api.w.org\/{rel}","templated":true}]}}