{"id":711889,"date":"2026-09-06T08:37:05","date_gmt":"2026-09-06T08:37:05","guid":{"rendered":"https:\/\/microscopemedia.com\/?p=711889"},"modified":"2026-09-06T08:37:05","modified_gmt":"2026-09-06T08:37:05","slug":"nicusor-dan-convoaca-csat-planul-de-inzestrare-a-armatei-si-consolidarea-prezentei-militare-americane-pe-agenda-sedintei","status":"publish","type":"post","link":"https:\/\/microscopemedia.com\/?p=711889","title":{"rendered":"Nicu\u0219or Dan convoac\u0103 CSAT. Planul de \u00eenzestrare a Armatei \u0219i consolidarea prezen\u021bei militare americane, pe agenda \u0219edin\u021bei"},"content":{"rendered":"<div readability=\"23.939157566303\">\n<div class=\"sgb-google-buttons\">\n<div class=\"display-flex justify-center google-logo\"><img decoding=\"async\" loading=\"lazy\" class=\"mg-x-auto\" width=\"30\" height=\"30\" src=\"https:\/\/microscopemedia.com\/wp-content\/uploads\/2026\/09\/nicusor-dan-convoaca-csat-planul-de-inzestrare-a-armatei-si-consolidarea-prezentei-militare-americane-pe-agenda-sedintei.png\" alt><\/div>\n<\/p><\/div>\n<p id=\"p-0\">Pe agenda \u0219edin\u021bei se afl\u0103 mai multe subiecte importante pentru securitatea na\u021bional\u0103 \u0219i ap\u0103rarea Rom\u00e2niei. Membrii CSAT vor analiza Planul de \u00eenzestrare a Armatei Rom\u00e2niei pentru perioada 2027-2036, precum \u0219i Programul \u201eArmata Rom\u00e2niei 2044\u201d.<\/p>\n<p id=\"p-1\">Un alt punct de pe ordinea de zi vizeaz\u0103 documentul de analiz\u0103 privind implementarea programului SAFE, aprobat \u00een cadrul unei \u0219edin\u021be de lucru interinstitu\u021bionale desf\u0103\u0219urate la 13 august 2026.<\/p>\n<p id=\"p-2\">De asemenea, Consiliul va analiza termenii de referin\u021b\u0103 privind revizuirea, la nivelul Departamentului de R\u0103zboi al Statelor Unite, a posturii For\u021belor SUA \u0219i a loca\u021biilor de dislocare \u00een Europa. Pe acest subiect este avut\u0103 \u00een vedere \u0219i consolidarea prezen\u021bei militare americane pe teritoriul Rom\u00e2niei.<\/p>\n<p id=\"p-3\">\u00cen cadrul reuniunii vor fi discutate \u0219i alte teme de actualitate din domeniul securit\u0103\u021bii na\u021bionale.<\/p>\n<p id=\"p-4\">\u0218edin\u021ba CSAT va avea loc la Palatul Cotroceni, sub conducerea pre\u0219edintelui Rom\u00e2niei, Nicu\u0219or Dan.<\/p>\n<\/p><\/div>\n","protected":false},"excerpt":{"rendered":"<p>Pe agenda \u0219edin\u021bei se afl\u0103 mai multe subiecte importante pentru securitatea na\u021bional\u0103 \u0219i ap\u0103rarea Rom\u00e2niei. Membrii CSAT vor analiza Planul de \u00eenzestrare a Armatei Rom\u00e2niei pentru perioada 2027-2036, precum \u0219i &hellip; <a href=\"https:\/\/microscopemedia.com\/?p=711889\" class=\"more-link\">Read More<\/a><\/p>\n","protected":false},"author":1,"featured_media":711890,"comment_status":"closed","ping_status":"closed","sticky":false,"template":"Default","format":"standard","meta":[],"categories":[1],"tags":[],"_links":{"self":[{"href":"https:\/\/microscopemedia.com\/index.php?rest_route=\/wp\/v2\/posts\/711889"}],"collection":[{"href":"https:\/\/microscopemedia.com\/index.php?rest_route=\/wp\/v2\/posts"}],"about":[{"href":"https:\/\/microscopemedia.com\/index.php?rest_route=\/wp\/v2\/types\/post"}],"author":[{"embeddable":true,"href":"https:\/\/microscopemedia.com\/index.php?rest_route=\/wp\/v2\/users\/1"}],"replies":[{"embeddable":true,"href":"https:\/\/microscopemedia.com\/index.php?rest_route=%2Fwp%2Fv2%2Fcomments&post=711889"}],"version-history":[{"count":0,"href":"https:\/\/microscopemedia.com\/index.php?rest_route=\/wp\/v2\/posts\/711889\/revisions"}],"wp:featuredmedia":[{"embeddable":true,"href":"https:\/\/microscopemedia.com\/index.php?rest_route=\/wp\/v2\/media\/711890"}],"wp:attachment":[{"href":"https:\/\/microscopemedia.com\/index.php?rest_route=%2Fwp%2Fv2%2Fmedia&parent=711889"}],"wp:term":[{"taxonomy":"category","embeddable":true,"href":"https:\/\/microscopemedia.com\/index.php?rest_route=%2Fwp%2Fv2%2Fcategories&post=711889"},{"taxonomy":"post_tag","embeddable":true,"href":"https:\/\/microscopemedia.com\/index.php?rest_route=%2Fwp%2Fv2%2Ftags&post=711889"}],"curies":[{"name":"wp","href":"https:\/\/api.w.org\/{rel}","templated":true}]}}