{"id":711899,"date":"2026-09-06T09:56:03","date_gmt":"2026-09-06T09:56:03","guid":{"rendered":"https:\/\/microscopemedia.com\/?p=711899"},"modified":"2026-09-06T09:56:03","modified_gmt":"2026-09-06T09:56:03","slug":"colier-misterios-vechi-de-peste-5-000-de-ani-descoperit-in-polonia-din-ce-erau-facute-cele-42-de-margele","status":"publish","type":"post","link":"https:\/\/microscopemedia.com\/?p=711899","title":{"rendered":"Colier misterios vechi de peste 5.000 de ani, descoperit \u00een Polonia. Din ce erau f\u0103cute cele 42 de \u201em\u0103rgele\u201d"},"content":{"rendered":"<div class=\"sgb-google-buttons\">\n<div class=\"display-flex justify-center google-logo\"><img decoding=\"async\" loading=\"lazy\" class=\"mg-x-auto\" width=\"30\" height=\"30\" src=\"https:\/\/microscopemedia.com\/wp-content\/uploads\/2026\/09\/colier-misterios-vechi-de-peste-5-000-de-ani-descoperit-in-polonia-din-ce-erau-facute-cele-42-de-margele.png\" alt><\/div>\n<\/p><\/div>\n<p data-start=\"113\" data-end=\"406\" id=\"p-0\">Artefactul ridic\u0103 noi \u00eentreb\u0103ri despre ritualurile \u0219i obiceiurile unei comunit\u0103\u021bi preistorice care a tr\u0103it \u00een regiune.<\/p>\n<p data-start=\"408\" data-end=\"706\" id=\"p-1\">Descoperirea a fost f\u0103cut\u0103 \u00een aceast\u0103 var\u0103, \u00een timpul s\u0103p\u0103turilor desf\u0103\u0219urate \u00een apropierea satului \u017b\u00f3rawina, \u00een Silezia Inferioar\u0103.<\/p>\n<div class=\"single__inline-gallery color-white mg-bottom-20 bg-black padding-5 md:rounded-10\">\n<div class=\"md:rounded-5 display-grid xs:grid-cols-2 grid-cols-3 gap-5\">\n<div class=\"single__inline-gallery-image relative column-span-2 row-span-2\">\n                <a href=\"https:\/\/www.mediafax.ro\/poze\/colier-misterios-vechi-de-peste-5-000-de-ani-descoperit-in-polonia-din-ce-erau-facute-cele-42-de-margele-23800995\"><br \/>\n                    <img decoding=\"async\" loading=\"lazy\" src=\"https:\/\/microscopemedia.com\/wp-content\/uploads\/2026\/09\/colier-misterios-vechi-de-peste-5-000-de-ani-descoperit-in-polonia-din-ce-erau-facute-cele-42-de-margele.jpg\" width=\"700\" height=\"450\"><br \/>\n                <\/a>\n                            <\/div>\n<div class=\"single__inline-gallery-image relative \">\n                <a href=\"https:\/\/www.mediafax.ro\/poze\/colier-misterios-vechi-de-peste-5-000-de-ani-descoperit-in-polonia-din-ce-erau-facute-cele-42-de-margele-23800995\"><br \/>\n                    <img decoding=\"async\" loading=\"lazy\" src=\"https:\/\/microscopemedia.com\/wp-content\/uploads\/2026\/09\/colier-misterios-vechi-de-peste-5-000-de-ani-descoperit-in-polonia-din-ce-erau-facute-cele-42-de-margele-1.jpg\" width=\"700\" height=\"450\"><br \/>\n                <\/a>\n                            <\/div>\n<\/p><\/div>\n<\/p><\/div>\n<p data-start=\"408\" data-end=\"706\" id=\"p-2\">Cercet\u0103torii de la Universitatea de Medicin\u0103 din Wroc\u0142aw au observat structura morm\u00e2ntului chiar \u00een momentul \u00een care se preg\u0103teau s\u0103 \u00eencheie lucr\u0103rile din acea zon\u0103, scrie <a href=\"https:\/\/tvpworld.com\/95191421\/5000-year-old-necklace-of-42-drilled-teeth-found-in-poland\" target=\"_blank\" rel=\"noopener\">TVP World<\/a>.<\/p>\n<h2 data-section-id=\"qcv7u9\" data-start=\"708\" data-end=\"772\" id=\"chapter-0\">Colierul misterios din Polonia, descoperit \u00een ultimul moment<\/h2>\n<p data-start=\"774\" data-end=\"963\" id=\"p-3\">Arheologii au povestit c\u0103, \u00een timp ce se preg\u0103teau s\u0103 plece de la sit, au observat conturul unui morm\u00e2nt. \u00cen interior se aflau din\u021bii dispu\u0219i \u00eentr-o form\u0103 care sugera \u00een mod clar un colier.<\/p>\n<p data-start=\"965\" data-end=\"1267\" id=\"p-4\">Fiecare dintre cele 42 de piese prezenta o gaur\u0103 perforat\u0103 prin r\u0103d\u0103cin\u0103, ceea ce indic\u0103 faptul c\u0103 din\u021bii au fost prelucra\u021bi inten\u021bionat \u0219i folosi\u021bi ca elemente decorative. De\u0219i \u0219nurul sau cordonul pe care erau prin\u0219i nu s-a p\u0103strat, cercet\u0103torii consider\u0103 c\u0103 artefactul a fost realizat de m\u00e2na omului.<\/p>\n<p data-start=\"1269\" data-end=\"1480\" id=\"p-5\">Originea exact\u0103 a din\u021bilor r\u0103m\u00e2ne \u00eens\u0103 un mister. Primele analize indic\u0103 faptul c\u0103 ace\u0219tia ar putea proveni de la lupi, c\u00e2ini \u0219i ur\u0219i. Mai mult, doi dintre din\u021bii identifica\u021bi seam\u0103n\u0103 cu din\u021bii canini umani.<\/p>\n<h2 data-section-id=\"1k1kfs0\" data-start=\"1482\" data-end=\"1529\" id=\"chapter-1\">Ce alte obiecte au fost g\u0103site l\u00e2ng\u0103 colier<\/h2>\n<p data-start=\"1531\" data-end=\"1722\" id=\"p-6\">\u00cen interiorul tumulului, arheologii au descoperit \u0219i scheletul aproape complet al unui b\u0103rbat, fragmente din dou\u0103 cranii, m\u0103rgele din os \u0219i chihlimbar, o lam\u0103 din silex \u0219i un topor de piatr\u0103.<\/p>\n<p data-start=\"1724\" data-end=\"1904\" id=\"p-7\">Forma toporului i-a ajutat pe speciali\u0219ti s\u0103 estimeze c\u0103 morm\u00e2ntul dateaz\u0103 din jurul anului 2900 \u00ee.Hr., fiind astfel cea mai veche descoperire realizat\u0103 p\u00e2n\u0103 acum \u00een acest sit.<\/p>\n<p data-start=\"1906\" data-end=\"2061\" id=\"p-8\">Mormintele descoperite anterior \u00een aceea\u0219i zon\u0103 dateaz\u0103 din jurul anilor 350-430 d.Hr., ceea ce \u00eenseamn\u0103 c\u0103 noul tumul este cu c\u00e2teva mii de ani mai vechi.<\/p>\n<h2 data-section-id=\"x4uy21\" data-start=\"2063\" data-end=\"2116\" id=\"chapter-2\">Colierul misterios apar\u021binea culturii Corded Ware<\/h2>\n<p data-start=\"2118\" data-end=\"2295\" id=\"p-9\">Cercet\u0103torii estimeaz\u0103 c\u0103 morm\u00e2ntul apar\u021binea unui membru al culturii Corded Ware, o societate preistoric\u0103 european\u0103 care a existat aproximativ \u00eentre anii 2900 \u0219i 2300 \u00ee.Hr.<\/p>\n<p data-start=\"2297\" data-end=\"2541\" id=\"p-10\">Analizele continu\u0103, iar oamenii de \u0219tiin\u021b\u0103 sper\u0103 s\u0103 stabileasc\u0103 originea exact\u0103 a din\u021bilor \u0219i s\u0103 afle mai multe despre persoana \u00eengropat\u0103 \u0219i comunitatea care a locuit \u00een urm\u0103 cu peste 5.000 de ani \u00een regiunea care ast\u0103zi face parte din Polonia.<\/p>\n","protected":false},"excerpt":{"rendered":"<p>Artefactul ridic\u0103 noi \u00eentreb\u0103ri despre ritualurile \u0219i obiceiurile unei comunit\u0103\u021bi preistorice care a tr\u0103it \u00een regiune. Descoperirea a fost f\u0103cut\u0103 \u00een aceast\u0103 var\u0103, \u00een timpul s\u0103p\u0103turilor desf\u0103\u0219urate \u00een apropierea satului &hellip; <a href=\"https:\/\/microscopemedia.com\/?p=711899\" class=\"more-link\">Read More<\/a><\/p>\n","protected":false},"author":1,"featured_media":711900,"comment_status":"closed","ping_status":"closed","sticky":false,"template":"Default","format":"standard","meta":[],"categories":[1],"tags":[],"_links":{"self":[{"href":"https:\/\/microscopemedia.com\/index.php?rest_route=\/wp\/v2\/posts\/711899"}],"collection":[{"href":"https:\/\/microscopemedia.com\/index.php?rest_route=\/wp\/v2\/posts"}],"about":[{"href":"https:\/\/microscopemedia.com\/index.php?rest_route=\/wp\/v2\/types\/post"}],"author":[{"embeddable":true,"href":"https:\/\/microscopemedia.com\/index.php?rest_route=\/wp\/v2\/users\/1"}],"replies":[{"embeddable":true,"href":"https:\/\/microscopemedia.com\/index.php?rest_route=%2Fwp%2Fv2%2Fcomments&post=711899"}],"version-history":[{"count":0,"href":"https:\/\/microscopemedia.com\/index.php?rest_route=\/wp\/v2\/posts\/711899\/revisions"}],"wp:featuredmedia":[{"embeddable":true,"href":"https:\/\/microscopemedia.com\/index.php?rest_route=\/wp\/v2\/media\/711900"}],"wp:attachment":[{"href":"https:\/\/microscopemedia.com\/index.php?rest_route=%2Fwp%2Fv2%2Fmedia&parent=711899"}],"wp:term":[{"taxonomy":"category","embeddable":true,"href":"https:\/\/microscopemedia.com\/index.php?rest_route=%2Fwp%2Fv2%2Fcategories&post=711899"},{"taxonomy":"post_tag","embeddable":true,"href":"https:\/\/microscopemedia.com\/index.php?rest_route=%2Fwp%2Fv2%2Ftags&post=711899"}],"curies":[{"name":"wp","href":"https:\/\/api.w.org\/{rel}","templated":true}]}}