{"id":711905,"date":"2026-09-06T10:37:03","date_gmt":"2026-09-06T10:37:03","guid":{"rendered":"https:\/\/microscopemedia.com\/?p=711905"},"modified":"2026-09-06T10:37:03","modified_gmt":"2026-09-06T10:37:03","slug":"daniel-baluta-restrictiile-de-circulatie-din-piata-unirii-ridicate-am-demonstrat-ca-se-poate","status":"publish","type":"post","link":"https:\/\/microscopemedia.com\/?p=711905","title":{"rendered":"Daniel B\u0103lu\u021b\u0103: Restric\u021biile de circula\u021bie din Pia\u021ba Unirii, ridicate. \u201eAm demonstrat c\u0103 se poate\u201d"},"content":{"rendered":"<div class=\"sgb-google-buttons\">\n<div class=\"display-flex justify-center google-logo\"><img decoding=\"async\" loading=\"lazy\" class=\"mg-x-auto\" width=\"30\" height=\"30\" src=\"https:\/\/microscopemedia.com\/wp-content\/uploads\/2026\/09\/daniel-baluta-restrictiile-de-circulatie-din-piata-unirii-ridicate-am-demonstrat-ca-se-poate.png\" alt><\/div>\n<\/p><\/div>\n<p id=\"p-0\">Anun\u021bul a fost f\u0103cut de Daniel B\u0103lu\u021b\u0103 pe \u0219antierul Plan\u0219eului Unirii. Primarul le-a mul\u021bumit constructorilor pentru mobilizare \u0219i pentru ritmul lucr\u0103rilor. El a spus c\u0103 proiectul a demonstrat c\u0103 lucr\u0103rile de amploare pot fi realizate \u00eentr-un timp mai scurt dec\u00e2t se anticipa.<\/p>\n<p id=\"p-1\">\u201eS-a lucrat mult, s-a lucrat repede \u0219i mai ales s-a lucrat bine. Iar rezultatul se vede\u201d, a spus B\u0103lu\u021b\u0103.<\/p>\n<p id=\"p-2\">Edilul a amintit c\u0103 lucr\u0103rile au \u00eenceput pe 10 iunie 2025 \u0219i c\u0103 proiectul a fost privit ini\u021bial de unii drept un \u0219antier care ar putea bloca pentru ani de zile centrul Capitalei.<\/p>\n<p id=\"p-3\">\u201eMi s-a spus c\u0103 va fi un \u0219antier interminabil, c\u0103 centrul ora\u0219ului va r\u0103m\u00e2ne blocat, c\u0103 nu se poate mai repede. Ei bine, am demonstrat c\u0103 se poate\u201d, a afirmat primarul Sectorului 4.<\/p>\n<h2 id=\"chapter-0\">Lucr\u0103rile la noul Plan\u0219eu Unirii continu\u0103<\/h2>\n<p id=\"p-5\">Potrivit lui Daniel B\u0103lu\u021b\u0103, interven\u021bia nu a vizat simpla repara\u021bie a structurii existente, ci \u00eenlocuirea unui plan\u0219eu vechi de aproape 100 de ani, aflat \u00eentr-o stare avansat\u0103 de degradare.<\/p>\n<p id=\"p-6\">\u201eAzi, vechiul Plan\u0219eu nu mai exist\u0103. \u00cen locul lui construim o structur\u0103 nou\u0103, modern\u0103 \u0219i sigur\u0103\u201d, a spus primarul, subliniind c\u0103 principalul obiectiv al lucr\u0103rii este siguran\u021ba oamenilor \u0219i a infrastructurii din centrul Bucure\u0219tiului.<\/p>\n<p id=\"p-7\">De acum \u00eenainte, lucr\u0103rile se vor desf\u0103\u0219ura \u00een interiorul \u0219antierului, iar obiectivul administra\u021biei este ca p\u00e2n\u0103 la sf\u00e2r\u0219itul acestui an s\u0103 fie finalizat\u0103 \u00eentreaga plac\u0103 de beton a noului Plan\u0219eu.<\/p>\n<p id=\"p-8\">\u00cen paralel, autorit\u0103\u021bile inten\u021bioneaz\u0103 s\u0103 readuc\u0103 f\u00e2nt\u00e2nile din Pia\u021ba Unirii \u00een pozi\u021bia ini\u021bial\u0103, \u00een colaborare cu speciali\u0219tii Apa Nova. Ulterior, Prim\u0103ria Sectorului 4 \u0219i Prim\u0103ria Capitalei urmeaz\u0103 s\u0103 stabileasc\u0103 solu\u021bia pentru refacerea Parcului Unirii.<\/p>\n<h2 id=\"chapter-1\">Proiect pentru prevenirea inunda\u021biilor<\/h2>\n<p id=\"p-9\">Daniel B\u0103lu\u021b\u0103 a vorbit \u0219i despre un alt proiect desf\u0103\u0219urat \u00een zon\u0103, care presupune realizarea unui pu\u021b de lansare pentru utilaje de tip TBM (utilaj de tip \u201ec\u00e2rti\u021b\u0103\u201d). Acestea vor lucra \u00een subteran pentru realizarea traseului unor conducte de preaplin.<\/p>\n<p id=\"p-10\">Conductele de mari dimensiuni ar urma s\u0103 preia surplusul de ap\u0103 al D\u00e2mbovi\u021bei atunci c\u00e2nd va fi necesar \u0219i s\u0103 \u00eel transporte \u00een condi\u021bii de siguran\u021b\u0103.<\/p>\n<p id=\"p-11\">\u201eNoi nu avem voie s\u0103 a\u0219tept\u0103m s\u0103 se \u00eent\u00e2mple o nenorocire \u0219i abia dup\u0103 aceea s\u0103 c\u0103ut\u0103m solu\u021bii. Trebuie s\u0103 prevenim \u0219i exact asta facem aici\u201d, a declarat B\u0103lu\u021b\u0103.<\/p>\n<h2 id=\"chapter-2\">Nou acces c\u0103tre sta\u021biile de metrou din Pia\u021ba Unirii<\/h2>\n<p id=\"p-12\">Un alt proiect anun\u021bat de edil vizeaz\u0103 realizarea unei noi c\u0103i de acces c\u0103tre sta\u021biile de metrou din Pia\u021ba Unirii. Proiectul este derulat \u00een colaborare cu Prim\u0103ria Capitalei \u0219i Metrorex, iar \u00een prezent sunt parcurse etapele necesare pentru ob\u021binerea autoriza\u021biei de construire.<\/p>\n<p id=\"p-13\">Potrivit lui Daniel B\u0103lu\u021b\u0103, lucr\u0103rile vor fi organizate astfel \u00eenc\u00e2t s\u0103 nu afecteze traficul rutier \u0219i circula\u021bia pietonal\u0103 din zon\u0103.<\/p>\n<p id=\"p-14\">&nbsp;<\/p>\n","protected":false},"excerpt":{"rendered":"<p>Anun\u021bul a fost f\u0103cut de Daniel B\u0103lu\u021b\u0103 pe \u0219antierul Plan\u0219eului Unirii. Primarul le-a mul\u021bumit constructorilor pentru mobilizare \u0219i pentru ritmul lucr\u0103rilor. El a spus c\u0103 proiectul a demonstrat c\u0103 lucr\u0103rile &hellip; <a href=\"https:\/\/microscopemedia.com\/?p=711905\" class=\"more-link\">Read More<\/a><\/p>\n","protected":false},"author":1,"featured_media":711906,"comment_status":"closed","ping_status":"closed","sticky":false,"template":"Default","format":"standard","meta":[],"categories":[1],"tags":[],"_links":{"self":[{"href":"https:\/\/microscopemedia.com\/index.php?rest_route=\/wp\/v2\/posts\/711905"}],"collection":[{"href":"https:\/\/microscopemedia.com\/index.php?rest_route=\/wp\/v2\/posts"}],"about":[{"href":"https:\/\/microscopemedia.com\/index.php?rest_route=\/wp\/v2\/types\/post"}],"author":[{"embeddable":true,"href":"https:\/\/microscopemedia.com\/index.php?rest_route=\/wp\/v2\/users\/1"}],"replies":[{"embeddable":true,"href":"https:\/\/microscopemedia.com\/index.php?rest_route=%2Fwp%2Fv2%2Fcomments&post=711905"}],"version-history":[{"count":0,"href":"https:\/\/microscopemedia.com\/index.php?rest_route=\/wp\/v2\/posts\/711905\/revisions"}],"wp:featuredmedia":[{"embeddable":true,"href":"https:\/\/microscopemedia.com\/index.php?rest_route=\/wp\/v2\/media\/711906"}],"wp:attachment":[{"href":"https:\/\/microscopemedia.com\/index.php?rest_route=%2Fwp%2Fv2%2Fmedia&parent=711905"}],"wp:term":[{"taxonomy":"category","embeddable":true,"href":"https:\/\/microscopemedia.com\/index.php?rest_route=%2Fwp%2Fv2%2Fcategories&post=711905"},{"taxonomy":"post_tag","embeddable":true,"href":"https:\/\/microscopemedia.com\/index.php?rest_route=%2Fwp%2Fv2%2Ftags&post=711905"}],"curies":[{"name":"wp","href":"https:\/\/api.w.org\/{rel}","templated":true}]}}