{"id":711909,"date":"2026-09-06T10:57:04","date_gmt":"2026-09-06T10:57:04","guid":{"rendered":"https:\/\/microscopemedia.com\/?p=711909"},"modified":"2026-09-06T10:57:04","modified_gmt":"2026-09-06T10:57:04","slug":"masina-de-sute-de-mii-de-euro-cautata-in-cehia-gasita-la-arad-cine-se-afla-la-volan","status":"publish","type":"post","link":"https:\/\/microscopemedia.com\/?p=711909","title":{"rendered":"Ma\u0219in\u0103 de sute de mii de euro, c\u0103utat\u0103 \u00een Cehia, g\u0103sit\u0103 la Arad. Cine se afla la volan"},"content":{"rendered":"<div readability=\"39.761218836565\">\n<div class=\"sgb-google-buttons\">\n<div class=\"display-flex justify-center google-logo\"><img decoding=\"async\" loading=\"lazy\" class=\"mg-x-auto\" width=\"30\" height=\"30\" src=\"https:\/\/microscopemedia.com\/wp-content\/uploads\/2026\/09\/masina-de-sute-de-mii-de-euro-cautata-in-cehia-gasita-la-arad-cine-se-afla-la-volan.png\" alt><\/div>\n<\/p><\/div>\n<p class=\"PDq2pG_selectionAnchorContainer\" data-start=\"1567\" data-end=\"1745\" id=\"p-0\">Autoturismul a fost depistat vineri, 4 septembrie, \u00een timp ce se deplasa prin localitatea Horia, potrivit informa\u021biilor transmise de Inspectoratul de Poli\u021bie Jude\u021bean (IPJ) Arad.<\/p>\n<h2 data-section-id=\"gc3x0q\" data-start=\"1747\" data-end=\"1784\" id=\"chapter-0\">Ma\u0219ina era \u00eenmatriculat\u0103 \u00een Cehia<\/h2>\n<p data-start=\"1786\" data-end=\"1899\" id=\"p-1\">La ac\u021biune au participat poli\u021bi\u0219tii Serviciului de Investiga\u021bii Criminale, \u00eempreun\u0103 cu cei ai Sec\u021biei 2 Mic\u0103laca.<\/p>\n<p data-start=\"1901\" data-end=\"2106\" id=\"p-2\">Dup\u0103 oprirea autoturismului \u0219i efectuarea verific\u0103rilor \u00een bazele de date, oamenii legii au constatat c\u0103 vehiculul, care avea numere de \u00eenmatriculare din Cehia, figura ca fiind c\u0103utat de autorit\u0103\u021bile cehe.<\/p>\n<p data-start=\"2108\" data-end=\"2227\" id=\"p-3\">Pe numele autoturismului fusese introdus\u0103 o semnalare care prevedea confiscarea acestuia \u00een cazul \u00een care era depistat.<\/p>\n<p data-start=\"2229\" data-end=\"2461\" id=\"p-4\">La volan se afla o femeie de 27 de ani din jude\u021bul Vrancea. IPJ Arad nu a oferit, \u00een comunicatul transmis, informa\u021bii privind calitatea \u00een care aceasta utiliza autoturismul \u0219i nici \u00eemprejur\u0103rile \u00een care vehiculul a ajuns \u00een Rom\u00e2nia.<\/p>\n<div id=\"attachment_23802633\" class=\"wp-caption aligncenter\"><img aria-describedby=\"caption-attachment-23802633\" class=\"wp-image-23802633 size-full\" src=\"https:\/\/microscopemedia.com\/wp-content\/uploads\/2026\/09\/masina-de-sute-de-mii-de-euro-cautata-in-cehia-gasita-la-arad-cine-se-afla-la-volan.webp\" alt width=\"900\" height=\"675\" loading=\"lazy\" decoding=\"async\" srcset=\"https:\/\/microscopemedia.com\/wp-content\/uploads\/2026\/09\/masina-de-sute-de-mii-de-euro-cautata-in-cehia-gasita-la-arad-cine-se-afla-la-volan-1.webp 500w, https:\/\/microscopemedia.com\/wp-content\/uploads\/2026\/09\/masina-de-sute-de-mii-de-euro-cautata-in-cehia-gasita-la-arad-cine-se-afla-la-volan.webp 728w\"><\/p>\n<p id=\"caption-attachment-23802633\" class=\"wp-caption-text\">Sursa foto: IPJ Arad<\/p>\n<\/div>\n<h2 data-section-id=\"1qumsbf\" data-start=\"2617\" data-end=\"2657\" id=\"chapter-1\">Autoturismul a fost indisponibilizat<\/h2>\n<p data-start=\"2659\" data-end=\"2819\" id=\"p-5\">Valoarea vehiculului este estimat\u0103 de poli\u021bi\u0219ti la aproximativ 300.000 de euro, ceea ce \u00eel plaseaz\u0103 \u00een categoria automobilelor cu o valoare foarte ridicat\u0103.<\/p>\n<p data-start=\"2821\" data-end=\"2998\" id=\"p-6\">\u00cen urma verific\u0103rilor, autoturismul a fost indisponibilizat de autorit\u0103\u021bile rom\u00e2ne, urm\u00e2nd ca poli\u021bi\u0219tii s\u0103 continue cercet\u0103rile \u0219i s\u0103 stabileasc\u0103 m\u0103surile legale care se impun.<\/p>\n<p data-start=\"3000\" data-end=\"3175\" id=\"p-7\">\u201eAutoturismul, \u00een valoare de aproximativ 300.000 de euro, a fost indisponibilizat \u00een vederea continu\u0103rii cercet\u0103rilor, urm\u00e2nd a fi luate m\u0103surile legale\u201d, a transmis IPJ Arad.<\/p>\n<\/p><\/div>\n","protected":false},"excerpt":{"rendered":"<p>Autoturismul a fost depistat vineri, 4 septembrie, \u00een timp ce se deplasa prin localitatea Horia, potrivit informa\u021biilor transmise de Inspectoratul de Poli\u021bie Jude\u021bean (IPJ) Arad. Ma\u0219ina era \u00eenmatriculat\u0103 \u00een Cehia &hellip; <a href=\"https:\/\/microscopemedia.com\/?p=711909\" class=\"more-link\">Read More<\/a><\/p>\n","protected":false},"author":1,"featured_media":711910,"comment_status":"closed","ping_status":"closed","sticky":false,"template":"Default","format":"standard","meta":[],"categories":[1],"tags":[],"_links":{"self":[{"href":"https:\/\/microscopemedia.com\/index.php?rest_route=\/wp\/v2\/posts\/711909"}],"collection":[{"href":"https:\/\/microscopemedia.com\/index.php?rest_route=\/wp\/v2\/posts"}],"about":[{"href":"https:\/\/microscopemedia.com\/index.php?rest_route=\/wp\/v2\/types\/post"}],"author":[{"embeddable":true,"href":"https:\/\/microscopemedia.com\/index.php?rest_route=\/wp\/v2\/users\/1"}],"replies":[{"embeddable":true,"href":"https:\/\/microscopemedia.com\/index.php?rest_route=%2Fwp%2Fv2%2Fcomments&post=711909"}],"version-history":[{"count":0,"href":"https:\/\/microscopemedia.com\/index.php?rest_route=\/wp\/v2\/posts\/711909\/revisions"}],"wp:featuredmedia":[{"embeddable":true,"href":"https:\/\/microscopemedia.com\/index.php?rest_route=\/wp\/v2\/media\/711910"}],"wp:attachment":[{"href":"https:\/\/microscopemedia.com\/index.php?rest_route=%2Fwp%2Fv2%2Fmedia&parent=711909"}],"wp:term":[{"taxonomy":"category","embeddable":true,"href":"https:\/\/microscopemedia.com\/index.php?rest_route=%2Fwp%2Fv2%2Fcategories&post=711909"},{"taxonomy":"post_tag","embeddable":true,"href":"https:\/\/microscopemedia.com\/index.php?rest_route=%2Fwp%2Fv2%2Ftags&post=711909"}],"curies":[{"name":"wp","href":"https:\/\/api.w.org\/{rel}","templated":true}]}}