{"id":711913,"date":"2026-09-06T11:37:02","date_gmt":"2026-09-06T11:37:02","guid":{"rendered":"https:\/\/microscopemedia.com\/?p=711913"},"modified":"2026-09-06T11:37:02","modified_gmt":"2026-09-06T11:37:02","slug":"canotorii-romani-fac-spectacol-in-polonia-trei-medalii-de-aur-si-una-de-argint-la-europenele-u23","status":"publish","type":"post","link":"https:\/\/microscopemedia.com\/?p=711913","title":{"rendered":"Canotorii rom\u00e2ni fac spectacol \u00een Polonia. Trei medalii de aur \u0219i una de argint la Europenele U23"},"content":{"rendered":"<div class=\"sgb-google-buttons\">\n<div class=\"display-flex justify-center google-logo\"><img decoding=\"async\" loading=\"lazy\" class=\"mg-x-auto\" width=\"30\" height=\"30\" src=\"https:\/\/microscopemedia.com\/wp-content\/uploads\/2026\/09\/canotorii-romani-fac-spectacol-in-polonia-trei-medalii-de-aur-si-una-de-argint-la-europenele-u23.png\" alt><\/div>\n<\/p><\/div>\n<p class=\"PDq2pG_selectionAnchorContainer\" data-start=\"1473\" data-end=\"1673\" id=\"p-0\">Primele titluri continentale au venit \u00een probele de dublu rame feminin, patru rame masculin \u0219i patru rame feminin, \u00een timp ce echipajul masculin de dublu rame a \u00eencheiat competi\u021bia pe pozi\u021bia secund\u0103.<\/p>\n<div class=\"single__inline-gallery color-white mg-bottom-20 bg-black padding-5 md:rounded-10\">\n<div class=\"md:rounded-5 display-grid xs:grid-cols-2 grid-cols-3 gap-5\">\n<div class=\"single__inline-gallery-image relative column-span-2 row-span-2\">\n                <a href=\"https:\/\/www.mediafax.ro\/poze\/canotorii-romani-fac-spectacol-in-polonia-trei-medalii-de-aur-si-una-de-argint-la-europenele-u23-23802640\"><br \/>\n                    <img decoding=\"async\" loading=\"lazy\" src=\"https:\/\/microscopemedia.com\/wp-content\/uploads\/2026\/09\/canotorii-romani-fac-spectacol-in-polonia-trei-medalii-de-aur-si-una-de-argint-la-europenele-u23.jpg\" width=\"700\" height=\"450\"><br \/>\n                <\/a>\n                            <\/div>\n<div class=\"single__inline-gallery-image relative \">\n                <a href=\"https:\/\/www.mediafax.ro\/poze\/canotorii-romani-fac-spectacol-in-polonia-trei-medalii-de-aur-si-una-de-argint-la-europenele-u23-23802640\"><br \/>\n                    <img decoding=\"async\" loading=\"lazy\" src=\"https:\/\/microscopemedia.com\/wp-content\/uploads\/2026\/09\/canotorii-romani-fac-spectacol-in-polonia-trei-medalii-de-aur-si-una-de-argint-la-europenele-u23-1.jpg\" width=\"700\" height=\"450\"><br \/>\n                <\/a>\n                            <\/div>\n<\/p><\/div>\n<\/p><\/div>\n<h2 data-section-id=\"1b6o4n5\" data-start=\"1675\" data-end=\"1712\" id=\"chapter-0\">Primul aur, la dublu rame feminin<\/h2>\n<p data-start=\"1714\" data-end=\"1868\" id=\"p-1\">Prima medalie de aur a zilei pentru delega\u021bia Rom\u00e2niei a fost c\u00e2\u0219tigat\u0103 de Iulica-Maria Ursu \u0219i Andreea Petras, \u00een proba de dublu rame feminin (BW2-).<\/p>\n<p data-start=\"1870\" data-end=\"2015\" id=\"p-2\">Rom\u00e2ncele au trecut primele linia de sosire, cu timpul de 7 minute, 56 de secunde \u0219i 20 de sutimi, devans\u00e2nd echipajele Lituaniei \u0219i Fran\u021bei.<\/p>\n<p data-start=\"2017\" data-end=\"2206\" id=\"p-3\">Al doilea titlu european al zilei a fost adus de echipajul masculin de patru rame (BM4-), format din Cosmin Iulian Ple\u0219escu, Eduard Angel Moldovan, Andrei Vatamaniuc \u0219i Leontin Nu\u021bescu.<\/p>\n<p data-start=\"2208\" data-end=\"2323\" id=\"p-4\">Cei patru canotori rom\u00e2ni au c\u00e2\u0219tigat finala cu timpul de 6:25.49, \u00eenaintea echipajelor Danemarcei \u0219i Poloniei.<\/p>\n<h2 data-section-id=\"1fatvtk\" data-start=\"2325\" data-end=\"2377\" id=\"chapter-1\">Al treilea titlu european, la patru rame feminin<\/h2>\n<p data-start=\"2379\" data-end=\"2481\" id=\"p-5\">Rom\u00e2nia a urcat din nou pe cea mai \u00eenalt\u0103 treapt\u0103 a podiumului \u00een proba feminin\u0103 de patru rame (BW4-).<\/p>\n<p data-start=\"2483\" data-end=\"2655\" id=\"p-6\">Echipajul alc\u0103tuit din Andreea Bianca Marin, M\u0103d\u0103lina-Dumitri\u021ba Ursaciuc, Iuliana Irina Cantoriu \u0219i Iuliana Isabela Boldea s-a impus \u00een final\u0103 cu timpul de 7:18.11.<\/p>\n<p data-start=\"2657\" data-end=\"2741\" id=\"p-7\">Austria a ocupat pozi\u021bia secund\u0103, iar Germania a \u00eencheiat cursa pe locul al treilea.<\/p>\n<h2 data-section-id=\"yyawni\" data-start=\"2743\" data-end=\"2785\" id=\"chapter-2\">Argint pentru Cozminciuc \u0219i Scripcariu<\/h2>\n<p data-start=\"2787\" data-end=\"2891\" id=\"p-8\">A patra medalie anun\u021bat\u0103 de Federa\u021bia Rom\u00e2n\u0103 de Canotaj a venit \u00een proba masculin\u0103 de dublu rame (BM2-).<\/p>\n<p data-start=\"2893\" data-end=\"3126\" id=\"p-9\">Mateus-Simion Cozminciuc \u0219i Fabrizio-Alexandru Scripcariu au \u00eencheiat finala pe locul al doilea, cu timpul de 6:58.44. Echipajul Rom\u00e2niei a fost devansat de Grecia, dar a terminat \u00eenaintea Fran\u021bei, ob\u021bin\u00e2nd medalia de argint.<\/p>\n<p data-start=\"3128\" data-end=\"3361\" id=\"p-10\">Astfel, dup\u0103 primele ceremonii de premiere de duminic\u0103 de la Campionatele Europene Under 23 de la Kruszwica, Rom\u00e2nia contabilizeaz\u0103 patru medalii \u00een probele prezentate de Federa\u021bia Rom\u00e2n\u0103 de Canotaj: trei de aur \u0219i una de argint.<\/p>\n","protected":false},"excerpt":{"rendered":"<p>Primele titluri continentale au venit \u00een probele de dublu rame feminin, patru rame masculin \u0219i patru rame feminin, \u00een timp ce echipajul masculin de dublu rame a \u00eencheiat competi\u021bia pe &hellip; <a href=\"https:\/\/microscopemedia.com\/?p=711913\" class=\"more-link\">Read More<\/a><\/p>\n","protected":false},"author":1,"featured_media":711914,"comment_status":"closed","ping_status":"closed","sticky":false,"template":"Default","format":"standard","meta":[],"categories":[1],"tags":[],"_links":{"self":[{"href":"https:\/\/microscopemedia.com\/index.php?rest_route=\/wp\/v2\/posts\/711913"}],"collection":[{"href":"https:\/\/microscopemedia.com\/index.php?rest_route=\/wp\/v2\/posts"}],"about":[{"href":"https:\/\/microscopemedia.com\/index.php?rest_route=\/wp\/v2\/types\/post"}],"author":[{"embeddable":true,"href":"https:\/\/microscopemedia.com\/index.php?rest_route=\/wp\/v2\/users\/1"}],"replies":[{"embeddable":true,"href":"https:\/\/microscopemedia.com\/index.php?rest_route=%2Fwp%2Fv2%2Fcomments&post=711913"}],"version-history":[{"count":0,"href":"https:\/\/microscopemedia.com\/index.php?rest_route=\/wp\/v2\/posts\/711913\/revisions"}],"wp:featuredmedia":[{"embeddable":true,"href":"https:\/\/microscopemedia.com\/index.php?rest_route=\/wp\/v2\/media\/711914"}],"wp:attachment":[{"href":"https:\/\/microscopemedia.com\/index.php?rest_route=%2Fwp%2Fv2%2Fmedia&parent=711913"}],"wp:term":[{"taxonomy":"category","embeddable":true,"href":"https:\/\/microscopemedia.com\/index.php?rest_route=%2Fwp%2Fv2%2Fcategories&post=711913"},{"taxonomy":"post_tag","embeddable":true,"href":"https:\/\/microscopemedia.com\/index.php?rest_route=%2Fwp%2Fv2%2Ftags&post=711913"}],"curies":[{"name":"wp","href":"https:\/\/api.w.org\/{rel}","templated":true}]}}