{"id":711915,"date":"2026-09-06T11:57:03","date_gmt":"2026-09-06T11:57:03","guid":{"rendered":"https:\/\/microscopemedia.com\/?p=711915"},"modified":"2026-09-06T11:57:03","modified_gmt":"2026-09-06T11:57:03","slug":"incendiu-puternic-de-vegetatie-in-vrancea-flacarile-au-cuprins-aproximativ-10-hectare-iar-pompierii-intervin-cu-mai-multe-autospeciale","status":"publish","type":"post","link":"https:\/\/microscopemedia.com\/?p=711915","title":{"rendered":"Incendiu puternic de vegeta\u021bie \u00een Vrancea. Fl\u0103c\u0103rile au cuprins aproximativ 10 hectare, iar pompierii intervin cu mai multe autospeciale"},"content":{"rendered":"<div readability=\"19.159199237369\">\n<div class=\"sgb-google-buttons\">\n<div class=\"display-flex justify-center google-logo\"><img decoding=\"async\" loading=\"lazy\" class=\"mg-x-auto\" width=\"30\" height=\"30\" src=\"https:\/\/microscopemedia.com\/wp-content\/uploads\/2026\/09\/incendiu-puternic-de-vegetatie-in-vrancea-flacarile-au-cuprins-aproximativ-10-hectare-iar-pompierii-intervin-cu-mai-multe-autospeciale.png\" alt><\/div>\n<\/p><\/div>\n<p class=\"PDq2pG_selectionAnchorContainer\" data-start=\"1662\" data-end=\"1793\" id=\"p-0\">Pentru gestionarea incendiului au fost mobilizate for\u021be din cadrul Deta\u0219amentului de Pompieri Foc\u0219ani \u0219i Sec\u021biei de Pompieri Vidra.<\/p>\n<div id=\"attachment_23802662\" class=\"wp-caption aligncenter\"><img aria-describedby=\"caption-attachment-23802662\" class=\"wp-image-23802662 size-full\" src=\"https:\/\/microscopemedia.com\/wp-content\/uploads\/2026\/09\/incendiu-puternic-de-vegetatie-in-vrancea-flacarile-au-cuprins-aproximativ-10-hectare-iar-pompierii-intervin-cu-mai-multe-autospeciale.webp\" alt width=\"900\" height=\"1200\" loading=\"lazy\" decoding=\"async\" srcset=\"https:\/\/microscopemedia.com\/wp-content\/uploads\/2026\/09\/incendiu-puternic-de-vegetatie-in-vrancea-flacarile-au-cuprins-aproximativ-10-hectare-iar-pompierii-intervin-cu-mai-multe-autospeciale-1.webp 500w, https:\/\/microscopemedia.com\/wp-content\/uploads\/2026\/09\/incendiu-puternic-de-vegetatie-in-vrancea-flacarile-au-cuprins-aproximativ-10-hectare-iar-pompierii-intervin-cu-mai-multe-autospeciale.webp 728w\"><\/p>\n<p id=\"caption-attachment-23802662\" class=\"wp-caption-text\">Sursa foto: ISU Vrancea<\/p>\n<\/div>\n<h2 data-section-id=\"1aggdt8\" data-start=\"1795\" data-end=\"1852\" id=\"chapter-0\">Patru autospeciale \u0219i o cistern\u0103, trimise la incendiu<\/h2>\n<p data-start=\"1854\" data-end=\"1964\" id=\"p-1\">Potrivit ISU Vrancea, la fa\u021ba locului ac\u021bioneaz\u0103 patru autospeciale de stingere cu ap\u0103 \u0219i spum\u0103 \u0219i o cistern\u0103.<\/p>\n<p data-start=\"1966\" data-end=\"2083\" id=\"p-2\">\u00cen dispozitivul de interven\u021bie au mai fost incluse dou\u0103 ATV-uri \u0219i dou\u0103 autospeciale de prim\u0103 interven\u021bie \u0219i comand\u0103.<\/p>\n<p data-start=\"2085\" data-end=\"2155\" id=\"p-3\">De asemenea, la locul incendiului a fost trimis\u0103 \u0219i o ambulan\u021b\u0103 SMURD.<\/p>\n<p data-start=\"2157\" data-end=\"2267\" id=\"p-4\">\u201eIncendiul se manifest\u0103 pe o suprafa\u021b\u0103 de aproximativ 10 hectare de vegeta\u021bie uscat\u0103\u201d, a transmis ISU Vrancea.<\/p>\n<p data-start=\"2269\" data-end=\"2373\" id=\"p-5\">Opera\u021biunea de stingere este \u00een desf\u0103\u0219urare, pompierii ac\u021bion\u00e2nd pentru limitarea \u0219i lichidarea focului.<\/p>\n<\/p><\/div>\n","protected":false},"excerpt":{"rendered":"<p>Pentru gestionarea incendiului au fost mobilizate for\u021be din cadrul Deta\u0219amentului de Pompieri Foc\u0219ani \u0219i Sec\u021biei de Pompieri Vidra. Sursa foto: ISU Vrancea Patru autospeciale \u0219i o cistern\u0103, trimise la incendiu &hellip; <a href=\"https:\/\/microscopemedia.com\/?p=711915\" class=\"more-link\">Read More<\/a><\/p>\n","protected":false},"author":1,"featured_media":711916,"comment_status":"closed","ping_status":"closed","sticky":false,"template":"Default","format":"standard","meta":[],"categories":[1],"tags":[],"_links":{"self":[{"href":"https:\/\/microscopemedia.com\/index.php?rest_route=\/wp\/v2\/posts\/711915"}],"collection":[{"href":"https:\/\/microscopemedia.com\/index.php?rest_route=\/wp\/v2\/posts"}],"about":[{"href":"https:\/\/microscopemedia.com\/index.php?rest_route=\/wp\/v2\/types\/post"}],"author":[{"embeddable":true,"href":"https:\/\/microscopemedia.com\/index.php?rest_route=\/wp\/v2\/users\/1"}],"replies":[{"embeddable":true,"href":"https:\/\/microscopemedia.com\/index.php?rest_route=%2Fwp%2Fv2%2Fcomments&post=711915"}],"version-history":[{"count":0,"href":"https:\/\/microscopemedia.com\/index.php?rest_route=\/wp\/v2\/posts\/711915\/revisions"}],"wp:featuredmedia":[{"embeddable":true,"href":"https:\/\/microscopemedia.com\/index.php?rest_route=\/wp\/v2\/media\/711916"}],"wp:attachment":[{"href":"https:\/\/microscopemedia.com\/index.php?rest_route=%2Fwp%2Fv2%2Fmedia&parent=711915"}],"wp:term":[{"taxonomy":"category","embeddable":true,"href":"https:\/\/microscopemedia.com\/index.php?rest_route=%2Fwp%2Fv2%2Fcategories&post=711915"},{"taxonomy":"post_tag","embeddable":true,"href":"https:\/\/microscopemedia.com\/index.php?rest_route=%2Fwp%2Fv2%2Ftags&post=711915"}],"curies":[{"name":"wp","href":"https:\/\/api.w.org\/{rel}","templated":true}]}}