{"id":711919,"date":"2026-09-06T12:27:03","date_gmt":"2026-09-06T12:27:03","guid":{"rendered":"https:\/\/microscopemedia.com\/?p=711919"},"modified":"2026-09-06T12:27:03","modified_gmt":"2026-09-06T12:27:03","slug":"nicusor-dan-merge-in-calarasi-in-prima-zi-de-scoala-apoi-are-sedinta-csat","status":"publish","type":"post","link":"https:\/\/microscopemedia.com\/?p=711919","title":{"rendered":"Nicu\u0219or Dan merge \u00een C\u0103l\u0103ra\u0219i \u00een prima zi de \u0219coal\u0103, apoi are \u0219edin\u021b\u0103 CSAT"},"content":{"rendered":"<div readability=\"34.967889908257\">\n<div class=\"sgb-google-buttons\">\n<div class=\"display-flex justify-center google-logo\"><img decoding=\"async\" loading=\"lazy\" class=\"mg-x-auto\" width=\"30\" height=\"30\" src=\"https:\/\/microscopemedia.com\/wp-content\/uploads\/2026\/09\/nicusor-dan-merge-in-calarasi-in-prima-zi-de-scoala-apoi-are-sedinta-csat.png\" alt><\/div>\n<\/p><\/div>\n<h2 id=\"chapter-0\">Nicu\u0219or Dan, \u00een vizit\u0103 la o \u0219coal\u0103 din C\u0103l\u0103ra\u0219i<\/h2>\n<p id=\"p-0\">La ora 10:30, pre\u0219edintele Nicu\u0219or Dan va ajunge la \u0218coala Gimnazial\u0103 nr. 1 Curcani, situat\u0103 pe strada Pene\u0219 Curcanul nr. 47, \u00een comuna Curcani, jude\u021bul C\u0103l\u0103ra\u0219i, a transmis Administra\u021bia Preziden\u021bial\u0103.<\/p>\n<p id=\"p-1\">Vizita are loc \u00een prima zi de \u0219coal\u0103 din anul \u0219colar 2026-2027, c\u00e2nd elevii din Rom\u00e2nia revin la cursuri. Noul an \u0219colar a \u00eenceput administrativ la 1 septembrie, \u00eens\u0103 cursurile \u00eencep luni pentru majoritatea elevilor. Potrivit calendarului aprobat de Ministerul Educa\u021biei, anul \u0219colar va avea 36 de s\u0103pt\u0103m\u00e2ni de cursuri \u0219i se va \u00eencheia pe 18 iunie 2027 pentru cei mai mul\u021bi dintre elevi.<\/p>\n<h2 id=\"chapter-1\">\u0218edin\u021b\u0103 CSAT la Palatul Cotroceni<\/h2>\n<p id=\"p-2\">De la ora 15:00, Nicu\u0219or Dan va prezida \u0219edin\u021ba Consiliului Suprem de Ap\u0103rare a \u021a\u0103rii (CSAT), la Palatul Cotroceni.<\/p>\n<p id=\"p-3\">Pe agenda reuniunii se afl\u0103 Planul de \u00eenzestrare a Armatei Rom\u00e2niei pentru perioada 2027-2036, programul \u201eArmata Rom\u00e2niei 2044\u201d \u0219i documentul de analiz\u0103 privind implementarea SAFE.<\/p>\n<p id=\"p-4\">Membrii CSAT vor analiza, de asemenea, termenii de referin\u021b\u0103 privind o analiz\u0103 realizat\u0103 la nivelul Departamentului american al R\u0103zboiului referitoare la postura \u0219i locurile de dislocare ale for\u021belor SUA \u00een Europa, precum \u0219i posibilitatea consolid\u0103rii prezen\u021bei militare americane pe teritoriul Rom\u00e2niei.<\/p>\n<p id=\"p-5\">Pe agenda \u0219edin\u021bei se afl\u0103 \u0219i alte subiecte de actualitate din domeniul securit\u0103\u021bii na\u021bionale.<\/p>\n<\/p><\/div>\n","protected":false},"excerpt":{"rendered":"<p>Nicu\u0219or Dan, \u00een vizit\u0103 la o \u0219coal\u0103 din C\u0103l\u0103ra\u0219i La ora 10:30, pre\u0219edintele Nicu\u0219or Dan va ajunge la \u0218coala Gimnazial\u0103 nr. 1 Curcani, situat\u0103 pe strada Pene\u0219 Curcanul nr. 47, &hellip; <a href=\"https:\/\/microscopemedia.com\/?p=711919\" class=\"more-link\">Read More<\/a><\/p>\n","protected":false},"author":1,"featured_media":711920,"comment_status":"closed","ping_status":"closed","sticky":false,"template":"Default","format":"standard","meta":[],"categories":[1],"tags":[],"_links":{"self":[{"href":"https:\/\/microscopemedia.com\/index.php?rest_route=\/wp\/v2\/posts\/711919"}],"collection":[{"href":"https:\/\/microscopemedia.com\/index.php?rest_route=\/wp\/v2\/posts"}],"about":[{"href":"https:\/\/microscopemedia.com\/index.php?rest_route=\/wp\/v2\/types\/post"}],"author":[{"embeddable":true,"href":"https:\/\/microscopemedia.com\/index.php?rest_route=\/wp\/v2\/users\/1"}],"replies":[{"embeddable":true,"href":"https:\/\/microscopemedia.com\/index.php?rest_route=%2Fwp%2Fv2%2Fcomments&post=711919"}],"version-history":[{"count":0,"href":"https:\/\/microscopemedia.com\/index.php?rest_route=\/wp\/v2\/posts\/711919\/revisions"}],"wp:featuredmedia":[{"embeddable":true,"href":"https:\/\/microscopemedia.com\/index.php?rest_route=\/wp\/v2\/media\/711920"}],"wp:attachment":[{"href":"https:\/\/microscopemedia.com\/index.php?rest_route=%2Fwp%2Fv2%2Fmedia&parent=711919"}],"wp:term":[{"taxonomy":"category","embeddable":true,"href":"https:\/\/microscopemedia.com\/index.php?rest_route=%2Fwp%2Fv2%2Fcategories&post=711919"},{"taxonomy":"post_tag","embeddable":true,"href":"https:\/\/microscopemedia.com\/index.php?rest_route=%2Fwp%2Fv2%2Ftags&post=711919"}],"curies":[{"name":"wp","href":"https:\/\/api.w.org\/{rel}","templated":true}]}}