{"id":711927,"date":"2026-09-06T13:16:03","date_gmt":"2026-09-06T13:16:03","guid":{"rendered":"https:\/\/microscopemedia.com\/?p=711927"},"modified":"2026-09-06T13:16:03","modified_gmt":"2026-09-06T13:16:03","slug":"robert-sighiartau-secretar-general-pnl-nu-ne-este-teama-deloc-sa-ramanem-in-opozitie","status":"publish","type":"post","link":"https:\/\/microscopemedia.com\/?p=711927","title":{"rendered":"Robert Sighiart\u0103u, secretar general PNL: Nu ne este team\u0103 deloc s\u0103 r\u0103m\u00e2nem \u00een opozi\u021bie"},"content":{"rendered":"<div class=\"sgb-google-buttons\">\n<div class=\"display-flex justify-center google-logo\"><img decoding=\"async\" loading=\"lazy\" class=\"mg-x-auto\" width=\"30\" height=\"30\" src=\"https:\/\/microscopemedia.com\/wp-content\/uploads\/2026\/09\/robert-sighiartau-secretar-general-pnl-nu-ne-este-teama-deloc-sa-ramanem-in-opozitie.png\" alt><\/div>\n<\/p><\/div>\n<p id=\"p-0\">\u00centrebat duminic\u0103, la Digi 24, dac\u0103 PNL se teme de perspectiva de a r\u0103m\u00e2ne \u00een opozi\u021bie, dac\u0103 se va repeta scenariul guvernului Ve\u0219tea, \u0219i acesta va trece, cu sprijinul UDMR, Robert Sighiart\u0103u a respins aceast\u0103 idee.<\/p>\n<p id=\"p-1\">\u201eNu ne este team\u0103 deloc s\u0103 r\u0103m\u00e2nem \u00een opozi\u021bie. Dup\u0103 aproape \u0219apte ani de guvernare, Partidul Na\u021bional Liberal a \u00eencheiat o etap\u0103. (\u2026) Ne-am f\u0103cut datoria fa\u021b\u0103 de Rom\u00e2nia\u201d, a declarat liderul liberal.<\/p>\n<p id=\"p-2\">Potrivit acestuia, dac\u0103 PNL nu va mai avea posibilitatea de a implementa reformele pe care \u0219i le propune, partidul va trece \u00een opozi\u021bie.<\/p>\n<p id=\"p-3\">\u201eDac\u0103 nu ne mai putem pune \u00een aplicare reformele, atunci reconstruirea Partidului Na\u021bional Liberal \u0219i oferirea unei alternative pentru 2028 sunt obiectivele la care vom lucra \u00een opozi\u021bie, \u00eenc\u0103 de s\u0103pt\u0103m\u00e2na viitoare, dac\u0103 va fi a\u0219a\u201d, a spus Robert Sighiart\u0103u.<\/p>\n<h2 id=\"chapter-0\">PNL sus\u021bine un guvern tehnocrat<\/h2>\n<p id=\"p-4\">Totodat\u0103, acesta a reafirmat ideea sus\u021binerii unui guvern de tehnocra\u021bi, \u00eens\u0103 doar dac\u0103 acesta va fi format din profesioni\u0219ti independen\u021bi \u0219i nu din persoane subordonate partidelor politice.<\/p>\n<p id=\"p-5\">\u201eV-am spus \u00eenc\u0103 de la \u00eenceput c\u0103 am luat \u00een calcul inclusiv un guvern de tehnocra\u021bi. Dar cuv\u00e2ntul tehnocrat s\u0103 fie respectat a\u0219a cum este el, \u00een esen\u021ba lui. Adic\u0103 un guvern de profesioni\u0219ti, de oameni tehnocra\u021bi, care nu sunt subordona\u021bi partidelor politice. Totul depinde de felul \u00een care premierul desemnat de pre\u0219edintele Nicu\u0219or Dan vrea s\u0103 construiasc\u0103 acest guvern. Dac\u0103 va fi un guvern construit politic, cu membri din partidul social-democrat, atunci intr\u0103m iar\u0103\u0219i \u00een logica unui guvern construit \u00een jurul PSD \u0219i nu vom vota\u201d, a afirmat Sighiart\u0103u.<\/p>\n<p id=\"p-6\">Rom\u00e2nia se afl\u0103 de patru luni f\u0103r\u0103 un Executiv cu puteri depline, dup\u0103 demiterea Guvernului condus de Ilie Bolojan, la 5 mai.<\/p>\n<p id=\"p-7\">Pre\u0219edintele Nicu\u0219or Dan este a\u0219teptat s\u0103 desemneze \u00een zilele urm\u0103toare un nou candidat pentru func\u021bia de prim-ministru, dup\u0103 consult\u0103rile \u0219i discu\u021biile purtate cu partidele parlamentare. \u0218eful statului a declarat recent c\u0103 este momentul ca situa\u021bia s\u0103 fie tran\u0219at\u0103, \u00een condi\u021biile \u00een care societatea a\u0219teapt\u0103 formarea unui guvern.<\/p>\n","protected":false},"excerpt":{"rendered":"<p>\u00centrebat duminic\u0103, la Digi 24, dac\u0103 PNL se teme de perspectiva de a r\u0103m\u00e2ne \u00een opozi\u021bie, dac\u0103 se va repeta scenariul guvernului Ve\u0219tea, \u0219i acesta va trece, cu sprijinul UDMR, &hellip; <a href=\"https:\/\/microscopemedia.com\/?p=711927\" class=\"more-link\">Read More<\/a><\/p>\n","protected":false},"author":1,"featured_media":711928,"comment_status":"closed","ping_status":"closed","sticky":false,"template":"Default","format":"standard","meta":[],"categories":[1],"tags":[],"_links":{"self":[{"href":"https:\/\/microscopemedia.com\/index.php?rest_route=\/wp\/v2\/posts\/711927"}],"collection":[{"href":"https:\/\/microscopemedia.com\/index.php?rest_route=\/wp\/v2\/posts"}],"about":[{"href":"https:\/\/microscopemedia.com\/index.php?rest_route=\/wp\/v2\/types\/post"}],"author":[{"embeddable":true,"href":"https:\/\/microscopemedia.com\/index.php?rest_route=\/wp\/v2\/users\/1"}],"replies":[{"embeddable":true,"href":"https:\/\/microscopemedia.com\/index.php?rest_route=%2Fwp%2Fv2%2Fcomments&post=711927"}],"version-history":[{"count":0,"href":"https:\/\/microscopemedia.com\/index.php?rest_route=\/wp\/v2\/posts\/711927\/revisions"}],"wp:featuredmedia":[{"embeddable":true,"href":"https:\/\/microscopemedia.com\/index.php?rest_route=\/wp\/v2\/media\/711928"}],"wp:attachment":[{"href":"https:\/\/microscopemedia.com\/index.php?rest_route=%2Fwp%2Fv2%2Fmedia&parent=711927"}],"wp:term":[{"taxonomy":"category","embeddable":true,"href":"https:\/\/microscopemedia.com\/index.php?rest_route=%2Fwp%2Fv2%2Fcategories&post=711927"},{"taxonomy":"post_tag","embeddable":true,"href":"https:\/\/microscopemedia.com\/index.php?rest_route=%2Fwp%2Fv2%2Ftags&post=711927"}],"curies":[{"name":"wp","href":"https:\/\/api.w.org\/{rel}","templated":true}]}}