{"id":711941,"date":"2026-09-06T14:57:03","date_gmt":"2026-09-06T14:57:03","guid":{"rendered":"https:\/\/microscopemedia.com\/?p=711941"},"modified":"2026-09-06T14:57:03","modified_gmt":"2026-09-06T14:57:03","slug":"susan-sarandon-spune-ca-inca-pierde-roluri-la-hollywood-din-cauza-sustinerii-cauzei-palestiniene","status":"publish","type":"post","link":"https:\/\/microscopemedia.com\/?p=711941","title":{"rendered":"Susan Sarandon spune c\u0103 \u00eenc\u0103 pierde roluri la Hollywood din cauza sus\u021binerii cauzei palestiniene"},"content":{"rendered":"<div class=\"sgb-google-buttons\">\n<div class=\"display-flex justify-center google-logo\"><img decoding=\"async\" loading=\"lazy\" class=\"mg-x-auto\" width=\"30\" height=\"30\" src=\"https:\/\/microscopemedia.com\/wp-content\/uploads\/2026\/09\/susan-sarandon-spune-ca-inca-pierde-roluri-la-hollywood-din-cauza-sustinerii-cauzei-palestiniene.png\" alt><\/div>\n<\/p><\/div>\n<p id=\"p-0\">\u201eAm avut \u00een continuare filme care mi-au fost retrase recent, pentru c\u0103 exist\u0103 agen\u021bii care le spun oamenilor s\u0103 nu m\u0103 angajeze\u201d, a afirmat Susan Sarandon la conferin\u021ba de pres\u0103 pentru filmul \u201eThe Echo Chamber\u201d, regizat de Andrea Pallaoro \u0219i prezentat \u00een competi\u021bia pentru Leul de Aur.<\/p>\n<p id=\"p-1\">Actri\u021ba, \u00een v\u00e2rst\u0103 de 80 de ani, a spus c\u0103 situa\u021bia nu o prive\u0219te doar pe ea.<\/p>\n<p id=\"p-2\">\u201eDac\u0103 este vorba despre un mare studio, cred c\u0103 exist\u0103 aceast\u0103 problem\u0103, nu doar \u00een cazul meu, ci \u0219i al altor persoane c\u0103rora li s-a spus c\u0103 acest lucru este imposibil \u00een ceea ce prive\u0219te participarea la film\u201d, a declarat ea.<\/p>\n<p id=\"p-3\">Sarandon a sus\u021binut c\u0103, de\u0219i exist\u0103 \u00een continuare o opozi\u021bie puternic\u0103 \u00een anumite zone ale industriei, atitudinea publicului fa\u021b\u0103 de conflictul israeliano-palestinian s-a schimbat.<\/p>\n<p id=\"p-4\">\u201eCred c\u0103 perspectiva s-a schimbat complet \u00een ceea ce prive\u0219te relevan\u021ba istoric\u0103 a Palestinei \u0219i leg\u0103turile dintre sionism, America \u0219i politica noastr\u0103. Pentru oameni, aceasta a fost o revela\u021bie major\u0103. (\u2026) C\u00e2\u021bi bani ofer\u0103 Statele Unite Israelului? Nimeni nu a \u00een\u021beles cu adev\u0103rat acest lucru\u201d, a afirmat actri\u021ba.<\/p>\n<p id=\"p-5\">Actri\u021ba a afirmat c\u0103, \u00een pofida schimb\u0103rii pe care o observ\u0103 \u00een r\u00e2ndul publicului, exist\u0103 \u00een continuare pozi\u021bii puternice \u00een industria cinematografic\u0103 american\u0103 \u00eempotriva sa.<\/p>\n<p id=\"p-6\">\u201eCred c\u0103 exist\u0103 \u00een continuare pozi\u021bii foarte puternice \u00een industria mea, sus\u021binute de sioni\u0219ti, care nu \u0219i-au schimbat sentimentele fa\u021b\u0103 de mine\u201d, a declarat ea.<\/p>\n<p id=\"p-7\">Sarandon a ad\u0103ugat \u00eens\u0103 c\u0103 \u0219i-a g\u0103sit un cerc de sus\u021bin\u0103tori \u00een afara acestor structuri de putere: \u201eMi-am g\u0103sit familia, mi-am g\u0103sit oamenii \u0219i sunt bine\u201d.<\/p>\n<h2 id=\"chapter-0\">Un conflict cu Hollywoodul \u00eenceput \u00een 2023<\/h2>\n<p id=\"p-8\">\u00cen noiembrie 2023, actri\u021ba a participat la mai multe manifesta\u021bii pro-palestiniene la New York \u0219i a cerut \u00eencetarea focului \u00een r\u0103zboiul din Gaza. \u00cen cadrul unui miting, ea a f\u0103cut o afirma\u021bie despre evreii americani \u0219i experien\u021ba musulmanilor \u00een Statele Unite ale Americii care a fost criticat\u0103 ca antisemit\u0103. La c\u00e2teva zile dup\u0103 manifesta\u021bie, agen\u021bia United Talent Agency (UTA), care o reprezenta pe Sarandon din 2014, a confirmat c\u0103 a renun\u021bat la colaborarea cu actri\u021ba.<\/p>\n<p id=\"p-9\">Sarandon \u0219i-a cerut ulterior scuze pentru formularea folosit\u0103. \u00cen decembrie 2023, ea a spus c\u0103 exprimarea sa a fost o gre\u0219eal\u0103 \u0219i c\u0103 a minimalizat istoria persecu\u021biilor \u00eempotriva evreilor. Actri\u021ba a explicat c\u0103 inten\u021bia sa fusese s\u0103 manifeste solidaritate \u00eempotriva tuturor formelor de discriminare \u0219i s\u0103 atrag\u0103 aten\u021bia asupra cre\u0219terii crimelor motivate de ur\u0103.<\/p>\n<p id=\"p-10\">Declara\u021biile sale de la Vene\u021bia vin \u00eentr-un moment \u00een care conflictul din Gaza ocup\u0103 un loc important \u0219i \u00een programul Festivalului de Film de la Vene\u021bia. Edi\u021bia din 2026 include mai multe filme \u0219i documentare care abordeaz\u0103 r\u0103zboiul din Gaza, situa\u021bia palestinienilor \u0219i consecin\u021bele conflictului israeliano-palestinian. Directorul festivalului, Alberto Barbera, a declarat c\u0103 selec\u021bia reflect\u0103 preocup\u0103rile legate de marile probleme contemporane.<\/p>\n<h2 id=\"chapter-1\">\u201eThe Echo Chamber\u201d<\/h2>\n<p id=\"p-11\">Sarandon a f\u0103cut declara\u021biile \u00een contextul prezent\u0103rii filmului \u201eThe Echo Chamber\u201d, regizat de Andrea Pallaoro. Ea interpreteaz\u0103 rolul unei c\u00e2nt\u0103re\u021be consacrate care \u00eencearc\u0103 s\u0103-\u0219i relanseze cariera muzical\u0103 \u0219i lucreaz\u0103 cu un produc\u0103tor interpretat de Luca Marinelli, \u00een timp ce Alicia Vikander face parte, de asemenea, din distribu\u021bie.<\/p>\n<p id=\"p-12\">Actri\u021ba i-a mul\u021bumit public lui Pallaoro pentru c\u0103 a acceptat s\u0103 lucreze cu ea \u00een pofida avertismentelor pe care sus\u021bine c\u0103 regizorul le-ar fi primit.<\/p>\n","protected":false},"excerpt":{"rendered":"<p>\u201eAm avut \u00een continuare filme care mi-au fost retrase recent, pentru c\u0103 exist\u0103 agen\u021bii care le spun oamenilor s\u0103 nu m\u0103 angajeze\u201d, a afirmat Susan Sarandon la conferin\u021ba de pres\u0103 &hellip; <a href=\"https:\/\/microscopemedia.com\/?p=711941\" class=\"more-link\">Read More<\/a><\/p>\n","protected":false},"author":1,"featured_media":711942,"comment_status":"closed","ping_status":"closed","sticky":false,"template":"Default","format":"standard","meta":[],"categories":[1],"tags":[],"_links":{"self":[{"href":"https:\/\/microscopemedia.com\/index.php?rest_route=\/wp\/v2\/posts\/711941"}],"collection":[{"href":"https:\/\/microscopemedia.com\/index.php?rest_route=\/wp\/v2\/posts"}],"about":[{"href":"https:\/\/microscopemedia.com\/index.php?rest_route=\/wp\/v2\/types\/post"}],"author":[{"embeddable":true,"href":"https:\/\/microscopemedia.com\/index.php?rest_route=\/wp\/v2\/users\/1"}],"replies":[{"embeddable":true,"href":"https:\/\/microscopemedia.com\/index.php?rest_route=%2Fwp%2Fv2%2Fcomments&post=711941"}],"version-history":[{"count":0,"href":"https:\/\/microscopemedia.com\/index.php?rest_route=\/wp\/v2\/posts\/711941\/revisions"}],"wp:featuredmedia":[{"embeddable":true,"href":"https:\/\/microscopemedia.com\/index.php?rest_route=\/wp\/v2\/media\/711942"}],"wp:attachment":[{"href":"https:\/\/microscopemedia.com\/index.php?rest_route=%2Fwp%2Fv2%2Fmedia&parent=711941"}],"wp:term":[{"taxonomy":"category","embeddable":true,"href":"https:\/\/microscopemedia.com\/index.php?rest_route=%2Fwp%2Fv2%2Fcategories&post=711941"},{"taxonomy":"post_tag","embeddable":true,"href":"https:\/\/microscopemedia.com\/index.php?rest_route=%2Fwp%2Fv2%2Ftags&post=711941"}],"curies":[{"name":"wp","href":"https:\/\/api.w.org\/{rel}","templated":true}]}}