{"id":711949,"date":"2026-09-06T15:57:03","date_gmt":"2026-09-06T15:57:03","guid":{"rendered":"https:\/\/microscopemedia.com\/?p=711949"},"modified":"2026-09-06T15:57:03","modified_gmt":"2026-09-06T15:57:03","slug":"batalia-pentru-resursele-din-groenlanda-ursula-von-der-leyen-incearca-sa-blocheze-influenta-lui-trump","status":"publish","type":"post","link":"https:\/\/microscopemedia.com\/?p=711949","title":{"rendered":"B\u0103t\u0103lia pentru resursele din Groenlanda. Ursula von der Leyen \u00eencearc\u0103 s\u0103 blocheze influen\u021ba lui Trump"},"content":{"rendered":"<div class=\"sgb-google-buttons\">\n<div class=\"display-flex justify-center google-logo\"><img decoding=\"async\" loading=\"lazy\" class=\"mg-x-auto\" width=\"30\" height=\"30\" src=\"https:\/\/microscopemedia.com\/wp-content\/uploads\/2026\/09\/batalia-pentru-resursele-din-groenlanda-ursula-von-der-leyen-incearca-sa-blocheze-influenta-lui-trump.png\" alt><\/div>\n<\/p><\/div>\n<h2 id=\"chapter-0\">\u00cent\u00e2lniri cu liderii din Groenlanda \u0219i Danemarca<\/h2>\n<p id=\"p-0\">Pe agenda vizitei se afl\u0103 o plimbare cu barca printre aisberguri, o serie de \u00eent\u00e2lniri cu premierul Groenlandei \u0219i premierul Danemarcei, precum \u0219i semnarea unei declara\u021bii comune \u00eentre UE \u0219i Groenlanda, potrivit <a href=\"https:\/\/www.lefigaro.fr\/conjoncture\/ursula-von-der-leyen-en-visite-au-groenland-pour-promouvoir-un-partenariat-fort-entre-l-union-europeenne-et-l-ile-arctique-20260906\" target=\"_blank\" rel=\"noopener\">Le Figaro<\/a>.<\/p>\n<p id=\"p-1\">Pe parcursul vizitei, von der Leyen va transmite acela\u0219i mesaj: acest teritoriu trebuie s\u0103 \u00ee\u0219i construiasc\u0103 viitorul al\u0103turi de Europa, nu de Statele Unite.<\/p>\n<h2 id=\"chapter-1\">Un parteneriat \u201ecrucial\u201d pentru Europa<\/h2>\n<p id=\"p-2\">\u201eCeea ce se \u00eent\u00e2mpl\u0103 \u00een Arctica afecteaz\u0103 direct restul Europei, iar un parteneriat puternic cu Groenlanda este crucial pentru pozi\u021bia noastr\u0103 \u00een regiune\u201d, a declarat comisarul european Josef Sikela, care particip\u0103, de asemenea, la vizit\u0103.<\/p>\n<p id=\"p-3\">Dorin\u021ba lui Donald Trump de a ob\u021bine Groenlanda a provocat o criz\u0103 major\u0103 la \u00eenceputul acestui an.<\/p>\n<p id=\"p-4\">Lua\u021bi prin surprindere, europenii au v\u0103zut cum aliatul lor tradi\u021bional, pe care se bazeaz\u0103 pentru securitate, a \u00eenceput s\u0103 \u00eei amenin\u021be. \u00cen apogeul crizei, pre\u0219edintele american a evocat chiar posibilitatea de a recurge la \u201efor\u021b\u0103\u201d pentru a prelua teritoriul cu 57.000 de locuitori, provoc\u00e2nd \u00eengrijorare \u00een UE \u0219i NATO.<\/p>\n<h2 id=\"chapter-2\">Un nou pachet de 200 de milioane de euro pentru Groenlanda<\/h2>\n<p id=\"p-5\">Tensiunile au sc\u0103zut abia dup\u0103 formarea unui grup de lucru danezo-groenlandezo-american care \u00eencearc\u0103 s\u0103 g\u0103seasc\u0103 o solu\u021bie durabil\u0103 pentru aceast\u0103 situa\u021bie. Au trecut \u0219apte luni de atunci, \u00eens\u0103 europenii nu au renun\u021bat la mesajele de solidaritate fa\u021b\u0103 de Groenlanda \u0219i Danemarca, con\u0219tien\u021bi c\u0103 aceste amenin\u021b\u0103ri ar putea reveni \u00een orice moment.<\/p>\n<p id=\"p-6\">Declara\u021biile sunt \u00eenso\u021bite de promisiuni de investi\u021bii. Pre\u0219edinta Comisiei Europene ar putea anun\u021ba \u00een timpul vizitei un nou pachet financiar de<a href=\"https:\/\/www.mediafax.ro\/externe\/ursula-von-der-leyen-se-pregateste-sa-anunte-un-ajutor-financiar-de-200-de-milioane-de-euro-pentru-groenlanda-23801720\"> 200 de milioane de euro<\/a> pentru Groenlanda.<\/p>\n<p id=\"p-7\">Vizita coincide cu \u00eenceputul exerci\u021biului Arctic Shield, la care particip\u0103 militari din zece state NATO. \u201eEste o coinciden\u021b\u0103 care nu este deloc neglijabil\u0103\u201d, consider\u0103 Mikaa Blugeon-Mered, cercet\u0103tor \u00een geopolitic\u0103 la Universitatea din Quebec.<\/p>\n<h2 id=\"chapter-3\">Presiunea american\u0103 asupra Groenlandei nu a disp\u0103rut<\/h2>\n<p id=\"p-8\">Semnalul este cu at\u00e2t mai important cu c\u00e2t presiunea american\u0103, de\u0219i mai discret\u0103 dup\u0103 vizita din mai a emisarului special al lui Donald Trump pentru Groenlanda, Jeff Landry, nu a disp\u0103rut.<\/p>\n<p id=\"p-9\">\u201eAm primit \u00een fiecare lun\u0103 c\u0103r\u021bi po\u0219tale de la Trump sau rudele sale despre Groenlanda, care arat\u0103 c\u0103 nu au uitat\u201d, a declarat Blugeon-Mered.<\/p>\n<p id=\"p-10\">\u00cen august, informa\u021biile din pres\u0103 despre preg\u0103tirile unei companii petroliere americane pentru foraje \u00eentr-o zon\u0103 izolat\u0103 din estul insulei au re\u00eenviat temerile.<\/p>\n<p id=\"p-11\">Proiectul, derulat de o companie din Texas pe baza unor licen\u021be emise \u00eenainte de moratoriul din 2021 privind explorarea \u0219i extrac\u021bia hidrocarburilor, \u00eei \u00eengrijoreaz\u0103 pe localnici \u0219i autorit\u0103\u021bi. Acestea nu au aprobat deocamdat\u0103 primul foraj explorator, invoc\u00e2nd motive procedurale.<\/p>\n<h2 id=\"chapter-4\">UE vrea acces la resursele minerale ale Groenlandei<\/h2>\n<p id=\"p-12\">Dependent\u0103 economic de Danemarca \u0219i de sectorul pescuitului, Nuuk \u00eencearc\u0103 \u00een prezent s\u0103 dezvolte industriile extractive care ar putea contribui la ob\u021binerea unei autonomii mai mari.<\/p>\n<p id=\"p-13\">\u00cen prezent, aproximativ 135 de licen\u021be miniere sunt de\u021binute de peste 60 de companii, \u00eens\u0103 doar dou\u0103 mine sunt opera\u021bionale. Aici vrea UE s\u0103 joace un rol, \u00eencerc\u00e2nd s\u0103 ob\u021bin\u0103 acces la acest portofoliu.<\/p>\n<p id=\"p-14\">Bruxelles sper\u0103 c\u0103 promisiunile de investi\u021bii vor permite, pe de o parte, consolidarea unei rela\u021bii de \u00eencredere cu Groenlanda \u0219i, pe de alt\u0103 parte, diversificarea accesului Europei la materiile prime critice, \u00een prezent str\u00e2ns legat de China.<\/p>\n<p id=\"p-15\">\u00cen paralel, UE dore\u0219te s\u0103 \u00eencurajeze dezvoltarea unor proiecte de turism sustenabil \u0219i \u00eembun\u0103t\u0103\u021birea conectivit\u0103\u021bii teritoriului.<\/p>\n<h2 id=\"chapter-5\">\u00cent\u00e2lniri cu liderii din Groenlanda, Danemarca \u0219i Insulele Feroe<\/h2>\n<p id=\"p-16\">Pe l\u00e2ng\u0103 premierul Groenlandei, Jens-Frederik Nielsen, \u0219i premierul Danemarcei, Mette Frederiksen, Ursula von der Leyen se va \u00eent\u00e2lni \u0219i cu \u0219eful Guvernului Insulelor Feroe, Beinir Johannesen.<\/p>\n<p id=\"p-17\">Danemarca, Insulele Feroe \u0219i Groenlanda vor avea luni \u0219i mar\u021bi, la Nuuk, reuniunea lor bianual\u0103 privind rela\u021biile din cadrul Regatului Danemarcei. Cele trei teritorii reprezint\u0103 entit\u0103\u021bile constitutive ale regatului.<\/p>\n<blockquote class=\"twitter-tweet\" readability=\"15.825842696629\">\n<p dir=\"ltr\" lang=\"en\" id=\"p-18\">When I was here two years ago, I said that Greenland already felt like home.<\/p>\n<p id=\"p-19\">Today, I am very happy to be back in Nuuk.<\/p>\n<p id=\"p-20\">We are family.<\/p>\n<p id=\"p-21\">I\u2019m also back to make our unique partnership even stronger.<\/p>\n<p id=\"p-22\">With a Partnership Package we worked on together.<\/p>\n<p id=\"p-23\">\ud83c\uddea\ud83c\uddfa\ud83c\uddec\ud83c\uddf1\ud83c\udde9\ud83c\uddf0 <a href=\"https:\/\/t.co\/FBkmEAWYCy\">pic.twitter.com\/FBkmEAWYCy<\/a><\/p>\n<p id=\"p-24\">\u2014 Ursula von der Leyen (@vonderleyen) <a href=\"https:\/\/x.com\/vonderleyen\/status\/2096594107669868774?ref_src=twsrc%5Etfw\">September 6, 2026<\/a><\/p>\n<\/blockquote>\n","protected":false},"excerpt":{"rendered":"<p>\u00cent\u00e2lniri cu liderii din Groenlanda \u0219i Danemarca Pe agenda vizitei se afl\u0103 o plimbare cu barca printre aisberguri, o serie de \u00eent\u00e2lniri cu premierul Groenlandei \u0219i premierul Danemarcei, precum \u0219i &hellip; <a href=\"https:\/\/microscopemedia.com\/?p=711949\" class=\"more-link\">Read More<\/a><\/p>\n","protected":false},"author":1,"featured_media":711950,"comment_status":"closed","ping_status":"closed","sticky":false,"template":"Default","format":"standard","meta":[],"categories":[1],"tags":[],"_links":{"self":[{"href":"https:\/\/microscopemedia.com\/index.php?rest_route=\/wp\/v2\/posts\/711949"}],"collection":[{"href":"https:\/\/microscopemedia.com\/index.php?rest_route=\/wp\/v2\/posts"}],"about":[{"href":"https:\/\/microscopemedia.com\/index.php?rest_route=\/wp\/v2\/types\/post"}],"author":[{"embeddable":true,"href":"https:\/\/microscopemedia.com\/index.php?rest_route=\/wp\/v2\/users\/1"}],"replies":[{"embeddable":true,"href":"https:\/\/microscopemedia.com\/index.php?rest_route=%2Fwp%2Fv2%2Fcomments&post=711949"}],"version-history":[{"count":0,"href":"https:\/\/microscopemedia.com\/index.php?rest_route=\/wp\/v2\/posts\/711949\/revisions"}],"wp:featuredmedia":[{"embeddable":true,"href":"https:\/\/microscopemedia.com\/index.php?rest_route=\/wp\/v2\/media\/711950"}],"wp:attachment":[{"href":"https:\/\/microscopemedia.com\/index.php?rest_route=%2Fwp%2Fv2%2Fmedia&parent=711949"}],"wp:term":[{"taxonomy":"category","embeddable":true,"href":"https:\/\/microscopemedia.com\/index.php?rest_route=%2Fwp%2Fv2%2Fcategories&post=711949"},{"taxonomy":"post_tag","embeddable":true,"href":"https:\/\/microscopemedia.com\/index.php?rest_route=%2Fwp%2Fv2%2Ftags&post=711949"}],"curies":[{"name":"wp","href":"https:\/\/api.w.org\/{rel}","templated":true}]}}