{"id":711953,"date":"2026-09-06T16:27:03","date_gmt":"2026-09-06T16:27:03","guid":{"rendered":"https:\/\/microscopemedia.com\/?p=711953"},"modified":"2026-09-06T16:27:03","modified_gmt":"2026-09-06T16:27:03","slug":"incident-neobisnuit-pe-calea-ferata-doua-trenuri-de-calatori-oprite-temporar","status":"publish","type":"post","link":"https:\/\/microscopemedia.com\/?p=711953","title":{"rendered":"Incident neobi\u0219nuit pe calea ferat\u0103. Dou\u0103 trenuri de c\u0103l\u0103tori, oprite temporar"},"content":{"rendered":"<div><img decoding=\"async\" src=\"https:\/\/microscopemedia.com\/wp-content\/uploads\/2026\/09\/incident-neobisnuit-pe-calea-ferata-doua-trenuri-de-calatori-oprite-temporar.png\" class=\"ff-og-image-inserted\"><\/div>\n<p data-start=\"390\" data-end=\"547\" id=\"p-0\">Incidentul s-a produs duminic\u0103, \u00een jurul orei 18.00, pe tronsonul feroviar St\u00e2nceni \u2013 Lunca Bradului, \u00een jude\u021bul Mure\u0219, au transmis reprezentan\u021bii CFR SA.<\/p>\n<p data-start=\"549\" data-end=\"694\" id=\"p-1\">Pentru ca interven\u021bia s\u0103 se desf\u0103\u0219oare \u00een siguran\u021b\u0103, linia de contact a fost scoas\u0103 temporar de sub tensiune \u00eentre sta\u021biile Topli\u021ba \u0219i R\u0103stoli\u021ba.<\/p>\n<p data-start=\"696\" data-end=\"836\" id=\"p-2\">Trenul IR 367, care circul\u0103 dinspre Budapesta spre Miercurea Ciuc, este oprit temporar \u00een sta\u021bia R\u0103stoli\u021ba, iar R 4511, care circul\u0103 pe ruta Miercurea Ciuc \u2013 Deda, a\u0219teapt\u0103 reluarea circula\u021biei \u00een sta\u021bia Topli\u021ba. Ambele trenuri sunt operate de CFR C\u0103l\u0103tori.<\/p>\n<p data-start=\"696\" data-end=\"836\" id=\"p-3\">\u00cen mod obi\u0219nuit, IR 367 circul\u0103 pe ruta Budapesta \u2013 Bra\u0219ov, \u00eens\u0103 traseul s\u0103u este modificat temporar din cauza unor lucr\u0103ri la infrastructura feroviar\u0103. \u00centre Miercurea Ciuc \u0219i Bra\u0219ov, c\u0103l\u0103torii sunt prelua\u021bi cu autobuze. M\u0103sura este valabil\u0103 p\u00e2n\u0103 la 15 septembrie.<\/p>\n<h2 data-section-id=\"1u9yi7k\" data-start=\"838\" data-end=\"890\" id=\"chapter-0\">Echipele CFR intervin pentru reluarea circula\u021biei<\/h2>\n<p data-start=\"892\" data-end=\"1074\" id=\"p-4\">Din sta\u021bia Topli\u021ba urmeaz\u0103 s\u0103 fie trimis\u0103 o drezin\u0103 pantograf, un utilaj feroviar folosit pentru verificarea \u0219i repararea instala\u021biei care asigur\u0103 alimentarea electric\u0103 a trenurilor.<\/p>\n<p data-start=\"1076\" data-end=\"1303\" data-is-last-node data-is-only-node id=\"p-5\">Echipele Sucursalei Regionale de C\u0103i Ferate Bra\u0219ov verific\u0103 eventualele avarii \u0219i intervin pentru remedierea instala\u021biei. Circula\u021bia va putea fi reluat\u0103 dup\u0103 repunerea sub tensiune a liniei de contact, \u00een condi\u021bii de siguran\u021b\u0103.<\/p>\n<p data-start=\"1076\" data-end=\"1303\" data-is-last-node data-is-only-node id=\"p-6\">CFR SA a precizat c\u0103 va anun\u021ba c\u00e2nd circula\u021bia feroviar\u0103 va reveni la normal.<\/p>\n","protected":false},"excerpt":{"rendered":"<p>Incidentul s-a produs duminic\u0103, \u00een jurul orei 18.00, pe tronsonul feroviar St\u00e2nceni \u2013 Lunca Bradului, \u00een jude\u021bul Mure\u0219, au transmis reprezentan\u021bii CFR SA. Pentru ca interven\u021bia s\u0103 se desf\u0103\u0219oare \u00een &hellip; <a href=\"https:\/\/microscopemedia.com\/?p=711953\" class=\"more-link\">Read More<\/a><\/p>\n","protected":false},"author":1,"featured_media":711954,"comment_status":"closed","ping_status":"closed","sticky":false,"template":"Default","format":"standard","meta":[],"categories":[1],"tags":[],"_links":{"self":[{"href":"https:\/\/microscopemedia.com\/index.php?rest_route=\/wp\/v2\/posts\/711953"}],"collection":[{"href":"https:\/\/microscopemedia.com\/index.php?rest_route=\/wp\/v2\/posts"}],"about":[{"href":"https:\/\/microscopemedia.com\/index.php?rest_route=\/wp\/v2\/types\/post"}],"author":[{"embeddable":true,"href":"https:\/\/microscopemedia.com\/index.php?rest_route=\/wp\/v2\/users\/1"}],"replies":[{"embeddable":true,"href":"https:\/\/microscopemedia.com\/index.php?rest_route=%2Fwp%2Fv2%2Fcomments&post=711953"}],"version-history":[{"count":0,"href":"https:\/\/microscopemedia.com\/index.php?rest_route=\/wp\/v2\/posts\/711953\/revisions"}],"wp:featuredmedia":[{"embeddable":true,"href":"https:\/\/microscopemedia.com\/index.php?rest_route=\/wp\/v2\/media\/711954"}],"wp:attachment":[{"href":"https:\/\/microscopemedia.com\/index.php?rest_route=%2Fwp%2Fv2%2Fmedia&parent=711953"}],"wp:term":[{"taxonomy":"category","embeddable":true,"href":"https:\/\/microscopemedia.com\/index.php?rest_route=%2Fwp%2Fv2%2Fcategories&post=711953"},{"taxonomy":"post_tag","embeddable":true,"href":"https:\/\/microscopemedia.com\/index.php?rest_route=%2Fwp%2Fv2%2Ftags&post=711953"}],"curies":[{"name":"wp","href":"https:\/\/api.w.org\/{rel}","templated":true}]}}