{"id":711961,"date":"2026-09-06T17:36:04","date_gmt":"2026-09-06T17:36:04","guid":{"rendered":"https:\/\/microscopemedia.com\/?p=711961"},"modified":"2026-09-06T17:36:04","modified_gmt":"2026-09-06T17:36:04","slug":"prima-reactie-a-afd-dupa-scorul-record-din-germania-alice-weidel-revendica-guvernarea-rezultat-istoric","status":"publish","type":"post","link":"https:\/\/microscopemedia.com\/?p=711961","title":{"rendered":"Prima reac\u021bie a AfD dup\u0103 scorul record din Germania. Alice Weidel revendic\u0103 guvernarea: \u201eRezultat istoric\u201d"},"content":{"rendered":"<div class=\"sgb-google-buttons\">\n<div class=\"display-flex justify-center google-logo\"><img decoding=\"async\" loading=\"lazy\" class=\"mg-x-auto\" width=\"30\" height=\"30\" src=\"https:\/\/microscopemedia.com\/wp-content\/uploads\/2026\/09\/prima-reactie-a-afd-dupa-scorul-record-din-germania-alice-weidel-revendica-guvernarea-rezultat-istoric.png\" alt><\/div>\n<\/p><\/div>\n<p id=\"p-0\">\u201eEste un rezultat istoric\u201d, a declarat Alice Weidel, copre\u0219edinta AfD, \u00eentr-o prim\u0103 reac\u021bie pentru ZDF, dup\u0103 <a href=\"https:\/\/www.mediafax.ro\/externe\/alegeri-in-germania-afd-obtine-un-scor-record-si-zdrobeste-cdu-in-saxonia-anhalt-primele-exit-poll-uri-23802751\">publicarea exit-poll-urilor<\/a>. Ea a sus\u021binut c\u0103 rezultatul reprezint\u0103 \u201eun mandat foarte clar de guvernare\u201d pentru partid.<\/p>\n<p id=\"p-1\">\u201ePartidul care este cea mai puternic\u0103 for\u021b\u0103 are mandatul de a forma un guvern\u201d, a spus Weidel, ad\u0103ug\u00e2nd c\u0103 \u201em\u00e2na noastr\u0103 este \u00eentotdeauna \u00eentins\u0103\u201d c\u0103tre eventualii parteneri politici.<\/p>\n<p id=\"p-2\">Weidel a calificat rezultatul drept \u201eistoric\u201d \u0219i a sus\u021binut c\u0103 AfD a primit un mandat clar pentru a guverna Saxonia-Anhalt.<\/p>\n<h2 id=\"chapter-0\">Ulrich Siegmund: \u201eAm scris istorie \u00een acest land\u201d<\/h2>\n<p id=\"p-3\">Prima reac\u021bie a candidatului AfD pentru func\u021bia de premier regional, Ulrich Siegmund, a venit la ARD, la scurt timp dup\u0103 \u00eenchiderea urnelor.<\/p>\n<p id=\"p-4\">\u201eAm ob\u021binut exact ceea ce am vrut s\u0103 ob\u021binem. Am scris istorie \u00een acest land\u201d, a declarat Siegmund.<\/p>\n<p id=\"p-5\">El a afirmat c\u0103 aleg\u0103torii din Saxonia-Anhalt au transmis un semnal care \u201ecu greu ar putea fi mai clar\u201d \u0219i c\u0103 politica landului nu poate continua ca p\u00e2n\u0103 acum.<\/p>\n<p id=\"p-6\">Siegmund nu a spus \u00eenc\u0103 explicit, pe baza primelor cifre, dac\u0103 va \u00eencerca imediat s\u0103 fie ales premier. El a afirmat \u00eens\u0103 c\u0103 AfD este dispus\u0103 s\u0103 discute cu for\u021bele politice care vor o \u201eschimbare politic\u0103 fundamental\u0103\u201d, preciz\u00e2nd \u00een acela\u0219i timp c\u0103, \u00een prezent, nu vede asemenea parteneri.<\/p>\n<p id=\"p-7\">\u201eNu ne vom \u00eendoi\u201d, a transmis candidatul AfD. MDR noteaz\u0103 c\u0103 Siegmund a vorbit despre necesitatea unei \u201eschimb\u0103ri politice de direc\u021bie\u201d dup\u0103 scrutin.<\/p>\n<h2 id=\"chapter-1\">AfD, peste 44%. Marea \u00eentrebare este dac\u0103 poate guverna<\/h2>\n<p id=\"p-8\">Potrivit primei proiec\u021bii Infratest dimap, AfD ob\u021bine aproximativ 44,5%, \u00een timp ce CDU, partidul cancelarului Friedrich Merz, se situeaz\u0103 la numai 18,5%. AfD \u00ee\u0219i mai mult dec\u00e2t dubleaz\u0103 astfel scorul de 20,8% ob\u021binut \u00een 2021.<\/p>\n<p id=\"p-9\">Rezultatul este cel mai bun ob\u021binut vreodat\u0103 de AfD \u00eentr-un scrutin regional sau federal.<\/p>\n<p id=\"p-10\">R\u0103m\u00e2ne \u00eens\u0103 neclar dac\u0103 partidul va avea suficiente mandate pentru a controla singur parlamentul regional. Majoritatea celorlalte forma\u021biuni au exclus p\u00e2n\u0103 acum o coali\u021bie cu AfD, ceea ce \u00eenseamn\u0103 c\u0103 distribu\u021bia final\u0103 a mandatelor poate decide dac\u0103 Siegmund are sau nu o cale real\u0103 c\u0103tre func\u021bia de premier.<\/p>\n<p id=\"p-11\">Filiala AfD din Saxonia-Anhalt este clasificat\u0103 de serviciul regional pentru protec\u021bia Constitu\u021biei drept forma\u021biune de extrem\u0103 dreapta confirmat\u0103. AfD respinge acuza\u021biile de extremism.<\/p>\n","protected":false},"excerpt":{"rendered":"<p>\u201eEste un rezultat istoric\u201d, a declarat Alice Weidel, copre\u0219edinta AfD, \u00eentr-o prim\u0103 reac\u021bie pentru ZDF, dup\u0103 publicarea exit-poll-urilor. Ea a sus\u021binut c\u0103 rezultatul reprezint\u0103 \u201eun mandat foarte clar de guvernare\u201d &hellip; <a href=\"https:\/\/microscopemedia.com\/?p=711961\" class=\"more-link\">Read More<\/a><\/p>\n","protected":false},"author":1,"featured_media":711962,"comment_status":"closed","ping_status":"closed","sticky":false,"template":"Default","format":"standard","meta":[],"categories":[1],"tags":[],"_links":{"self":[{"href":"https:\/\/microscopemedia.com\/index.php?rest_route=\/wp\/v2\/posts\/711961"}],"collection":[{"href":"https:\/\/microscopemedia.com\/index.php?rest_route=\/wp\/v2\/posts"}],"about":[{"href":"https:\/\/microscopemedia.com\/index.php?rest_route=\/wp\/v2\/types\/post"}],"author":[{"embeddable":true,"href":"https:\/\/microscopemedia.com\/index.php?rest_route=\/wp\/v2\/users\/1"}],"replies":[{"embeddable":true,"href":"https:\/\/microscopemedia.com\/index.php?rest_route=%2Fwp%2Fv2%2Fcomments&post=711961"}],"version-history":[{"count":0,"href":"https:\/\/microscopemedia.com\/index.php?rest_route=\/wp\/v2\/posts\/711961\/revisions"}],"wp:featuredmedia":[{"embeddable":true,"href":"https:\/\/microscopemedia.com\/index.php?rest_route=\/wp\/v2\/media\/711962"}],"wp:attachment":[{"href":"https:\/\/microscopemedia.com\/index.php?rest_route=%2Fwp%2Fv2%2Fmedia&parent=711961"}],"wp:term":[{"taxonomy":"category","embeddable":true,"href":"https:\/\/microscopemedia.com\/index.php?rest_route=%2Fwp%2Fv2%2Fcategories&post=711961"},{"taxonomy":"post_tag","embeddable":true,"href":"https:\/\/microscopemedia.com\/index.php?rest_route=%2Fwp%2Fv2%2Ftags&post=711961"}],"curies":[{"name":"wp","href":"https:\/\/api.w.org\/{rel}","templated":true}]}}