{"id":711967,"date":"2026-09-06T18:27:03","date_gmt":"2026-09-06T18:27:03","guid":{"rendered":"https:\/\/microscopemedia.com\/?p=711967"},"modified":"2026-09-06T18:27:03","modified_gmt":"2026-09-06T18:27:03","slug":"norbert-maior-invingator-in-premiera-la-raliul-iasului","status":"publish","type":"post","link":"https:\/\/microscopemedia.com\/?p=711967","title":{"rendered":"Norbert Maior, \u00eenving\u0103tor \u00een premier\u0103 la Raliul Ia\u0219ului"},"content":{"rendered":"<div class=\"sgb-google-buttons\">\n<div class=\"display-flex justify-center google-logo\"><img decoding=\"async\" loading=\"lazy\" class=\"mg-x-auto\" width=\"30\" height=\"30\" src=\"https:\/\/microscopemedia.com\/wp-content\/uploads\/2026\/09\/norbert-maior-invingator-in-premiera-la-raliul-iasului.png\" alt><\/div>\n<\/p><\/div>\n<p id=\"p-0\">Maior a concurat pentru prima dat\u0103 la bordul unui model \u0160koda Fabia Rally2, av\u00e2ndu-l copilot pe Vlad Colceriu. Francesca Maior, sora sa mai mic\u0103 \u0219i copilotul s\u0103u obi\u0219nuit, s-a aflat \u00een acela\u0219i weekend \u00een dreapta lui Simone Tempestini, la etapa Campionatului European de Raliuri desf\u0103\u0219urat\u0103 \u00een \u021aara Galilor. Echipajul Maior\u2013Colceriu s-a impus \u00een \u0219ase dintre cele 12 probe speciale disputate pe macadamul ie\u0219ean.<\/p>\n<p id=\"p-1\"><em><strong>\u201eA fost un raliu cu o ma\u0219in\u0103 nou\u0103 \u0219i un copilot nou, iar \u00eentr-un timp foarte scurt am avut multe de \u00eenv\u0103\u021bat. Dup\u0103 nou\u0103 ani al\u0103turi de Francesca, primul raliu cu Vlad s-a transformat \u00een prima noastr\u0103 victorie \u00eempreun\u0103 \u0219i \u00een primul lui succes la general. Rezultatul este cu at\u00e2t mai special cu c\u00e2t, cu pu\u021bin timp \u00eenainte, nici m\u0103car nu eram siguri c\u0103 vom putea lua startul\u201d<\/strong><\/em>, a declarat Norbert Maior la finalul competi\u021biei.<\/p>\n<p id=\"p-2\">Dup\u0103 aproape 120 de kilometri cronometra\u021bi, echipajul Napoca Rally Academy a \u00eencheiat cursa cu timpul total de 1:13:11,9. Pe locul al doilea s-au clasat Raul Badiu \u0219i Rare\u0219 Fetean, tot pe o \u0160koda Fabia Rally2, la 25,2 secunde de \u00eenving\u0103tori. Badiu s-a impus \u00een ultimele trei probe speciale, \u00eens\u0103 revenirea sa nu a fost suficient\u0103 pentru a-l ajunge pe Maior. De altfel, Badiu a primit deja celebrul trofeu de la Ia\u0219i, o oal\u0103 cu sarmale, pentru cea mai lung\u0103 s\u0103ritur\u0103 de la raliu.<\/p>\n<p id=\"p-3\">Pe l\u00e2ng\u0103 Maior \u0219i Badiu, una dintre probe i-a revenit \u00een premier\u0103 lui Bogdan Gheorghiu, care este chiar din Ia\u0219i, acesta impun\u00e2ndu-se \u00een super speciala de la R\u00e2pa Galben\u0103.<\/p>\n<p id=\"p-4\">Este a doua victorie a sezonului pentru Norbert Maior, dup\u0103 succesul ob\u021binut \u00een Harghita. Celelalte etape ale anului au fost c\u00e2\u0219tigate de Andrei G\u00eertofan, \u00een Maramure\u0219, \u0219i de Simone Tempestini, \u00een Arge\u0219, Cluj \u0219i Sibiu.<\/p>\n<p id=\"p-5\">Podiumul general al Raliului Ia\u0219ului a fost completat de cel mai longeviv echipaj din raliul rom\u00e2nesc, format din Bogdan Mari\u0219ca \u0219i Sebastian Itu. Concur\u00e2nd tot pe o \u0160koda Fabia Rally2, cei doi au \u00eencheiat la 3 minute \u0219i 54,8 secunde \u00een urma c\u00e2\u0219tig\u0103torilor. De altfel, Mari\u0219ca de\u021bine recordul pentru cel mai v\u00e2rstnic pilot care a c\u00e2\u0219tigat o etap\u0103 din Campionatul Na\u021bional de Raliuri din Rom\u00e2nia. El avea 54 de ani, 3 luni \u0219i 11 zile c\u00e2nd a reu\u0219it aceast\u0103 performan\u021b\u0103, chiar la Ia\u0219i, \u00een urm\u0103 cu doi ani.<\/p>\n<p id=\"p-6\">Dup\u0103 etapa de la Ia\u0219i, Norbert Maior a ajuns la 157,4 puncte \u00een clasamentul general, dup\u0103 primele \u0219ase runde ale sezonului. El se afl\u0103 la 16,4 puncte de liderul Simone Tempestini, absent motivat \u00een acest weekend, deoarece a concurat la etapa european\u0103 din \u021aara Galilor. Pozi\u021bia a treia este ocupat\u0103 de Andrei G\u00eertofan, cu 146,6 puncte.<\/p>\n<p id=\"p-7\">Lupta decisiv\u0103 pentru titlul din Campionatul Na\u021bional de Raliuri se va desf\u0103\u0219ura \u00een perioada 26\u201327 septembrie, tot pe macadam, la Raliul V\u00e2lcii. Ajuns la cea de-a treia edi\u021bie, singurul raliu din Oltenia i-a avut drept c\u00e2\u0219tig\u0103tori pe Norbert Maior, \u00een 2024, \u0219i pe Simone Tempestini, \u00een 2025. \u00cen aceste condi\u021bii, confruntarea pentru titlu se anun\u021b\u0103 mai intens\u0103 ca niciodat\u0103.<\/p>\n","protected":false},"excerpt":{"rendered":"<p>Maior a concurat pentru prima dat\u0103 la bordul unui model \u0160koda Fabia Rally2, av\u00e2ndu-l copilot pe Vlad Colceriu. Francesca Maior, sora sa mai mic\u0103 \u0219i copilotul s\u0103u obi\u0219nuit, s-a aflat &hellip; <a href=\"https:\/\/microscopemedia.com\/?p=711967\" class=\"more-link\">Read More<\/a><\/p>\n","protected":false},"author":1,"featured_media":711968,"comment_status":"closed","ping_status":"closed","sticky":false,"template":"Default","format":"standard","meta":[],"categories":[1],"tags":[],"_links":{"self":[{"href":"https:\/\/microscopemedia.com\/index.php?rest_route=\/wp\/v2\/posts\/711967"}],"collection":[{"href":"https:\/\/microscopemedia.com\/index.php?rest_route=\/wp\/v2\/posts"}],"about":[{"href":"https:\/\/microscopemedia.com\/index.php?rest_route=\/wp\/v2\/types\/post"}],"author":[{"embeddable":true,"href":"https:\/\/microscopemedia.com\/index.php?rest_route=\/wp\/v2\/users\/1"}],"replies":[{"embeddable":true,"href":"https:\/\/microscopemedia.com\/index.php?rest_route=%2Fwp%2Fv2%2Fcomments&post=711967"}],"version-history":[{"count":0,"href":"https:\/\/microscopemedia.com\/index.php?rest_route=\/wp\/v2\/posts\/711967\/revisions"}],"wp:featuredmedia":[{"embeddable":true,"href":"https:\/\/microscopemedia.com\/index.php?rest_route=\/wp\/v2\/media\/711968"}],"wp:attachment":[{"href":"https:\/\/microscopemedia.com\/index.php?rest_route=%2Fwp%2Fv2%2Fmedia&parent=711967"}],"wp:term":[{"taxonomy":"category","embeddable":true,"href":"https:\/\/microscopemedia.com\/index.php?rest_route=%2Fwp%2Fv2%2Fcategories&post=711967"},{"taxonomy":"post_tag","embeddable":true,"href":"https:\/\/microscopemedia.com\/index.php?rest_route=%2Fwp%2Fv2%2Ftags&post=711967"}],"curies":[{"name":"wp","href":"https:\/\/api.w.org\/{rel}","templated":true}]}}