{"id":711985,"date":"2026-09-06T20:37:04","date_gmt":"2026-09-06T20:37:04","guid":{"rendered":"https:\/\/microscopemedia.com\/?p=711985"},"modified":"2026-09-06T20:37:04","modified_gmt":"2026-09-06T20:37:04","slug":"nicu-stefanuta-dupa-scorul-record-al-afd-in-germania-cosmarul-este-real-ce-se-poate-in-europa-se-poate-si-in-romania","status":"publish","type":"post","link":"https:\/\/microscopemedia.com\/?p=711985","title":{"rendered":"Nicu \u0218tef\u0103nu\u021b\u0103, dup\u0103 scorul record al AfD \u00een Germania: \u201eCo\u0219marul este real. Ce se poate \u00een Europa, se poate \u0219i \u00een Rom\u00e2nia\u201d"},"content":{"rendered":"<div class=\"sgb-google-buttons\">\n<div class=\"display-flex justify-center google-logo\"><img decoding=\"async\" loading=\"lazy\" class=\"mg-x-auto\" width=\"30\" height=\"30\" src=\"https:\/\/microscopemedia.com\/wp-content\/uploads\/2026\/09\/nicu-stefanuta-dupa-scorul-record-al-afd-in-germania-cosmarul-este-real-ce-se-poate-in-europa-se-poate-si-in-romania.png\" alt><\/div>\n<\/p><\/div>\n<p data-start=\"450\" data-end=\"676\" id=\"p-0\">\u201eCo\u0219marul este real\u201d, a scris <a href=\"https:\/\/www.facebook.com\/share\/p\/1DPGDMPm4P\/\" target=\"_blank\" rel=\"noopener\">Nicu \u0218tef\u0103nu\u021b\u0103<\/a>, duminic\u0103 seara, dup\u0103 primele estim\u0103ri ale scrutinului din Saxonia-Anhalt, care indic\u0103 un rezultat de peste 44% pentru Alternativa pentru Germania (AfD).<\/p>\n<p data-start=\"678\" data-end=\"846\" id=\"p-1\">Europarlamentarul consider\u0103 c\u0103 rezultatul contrazice ideea c\u0103 partidele radicale ar fi supraevaluate \u00een sondaje \u0219i c\u0103 aleg\u0103torii nu le-ar acorda \u00een cele din urm\u0103 votul.<\/p>\n<p data-start=\"848\" data-end=\"1029\" id=\"p-2\">\u201eNu mai specula\u021bi c\u0103 auri\u0219tii sunt umfla\u021bi \u00een sondaje, c\u0103 omul nu va vota a\u0219a ceva, bla bla. De c\u00e2te probe mai este nevoie c\u0103 oamenii chiar a\u0219a vor vota?\u201d, a transmis \u0218tef\u0103nu\u021b\u0103.<\/p>\n<h2 data-section-id=\"i3teb1\" data-start=\"1031\" data-end=\"1063\" id=\"chapter-0\">\u201eNu mai visa\u021bi, planifica\u021bi\u201d<\/h2>\n<p data-start=\"1065\" data-end=\"1223\" id=\"p-3\">\u00cen opinia sa, ascensiunea extremei drepte nu mai poate fi tratat\u0103 ca un fenomen izolat, iar partidele care vor s\u0103 i se opun\u0103 trebuie s\u0103 \u00ee\u0219i schimbe strategia.<\/p>\n<p data-start=\"1225\" data-end=\"1486\" id=\"p-4\">\u201eValul extremei drepte este c\u00e2t se poate de real peste tot \u00een Europa. Din p\u0103cate, c\u0103derea lui Orb\u00e1n a fost excep\u021bia, nu regula. Fiecare alegere din Europa va trebui s\u0103 fie o lupt\u0103 cr\u00e2ncen\u0103, ce se c\u00e2\u0219tig\u0103 cu organizare, nu cu dorin\u021be\u201d, a transmis europarlamentarul.<\/p>\n<p data-start=\"1488\" data-end=\"1657\" id=\"p-5\">Aleg\u0103torii a\u0219teapt\u0103 solu\u021bii concrete \u0219i lideri care s\u0103 inspire, nu doar discursuri despre pericolele extremismului sau despre principii democratice, sus\u021bine \u0218tef\u0103nu\u021b\u0103:&nbsp;\u201eOamenilor le pas\u0103 mai ales de problemele de zi cu zi, mai pu\u021bin de democra\u021bie, stat de drept \u0219i mai \u0219tiu eu ce\u201d.<\/p>\n<h2 data-section-id=\"j6k9lq\" data-start=\"1789\" data-end=\"1859\" id=\"chapter-1\">\u0218tef\u0103nu\u021b\u0103: T\u0103ierile guvernului au dus la cre\u0219terea extremei drepte<\/h2>\n<p data-start=\"1861\" data-end=\"2055\" id=\"p-6\">Europarlamentarul face \u0219i o paralel\u0103 direct\u0103 cu Rom\u00e2nia, avertiz\u00e2nd asupra efectelor politice ale m\u0103surilor de austeritate \u0219i ale deciziilor care \u00eei afecteaz\u0103 \u00een special pe cei vulnerabili.<\/p>\n<p data-start=\"2057\" data-end=\"2172\" id=\"p-7\">\u201eT\u0103ierile guvernului au dus la cre\u0219terea extremei drepte. Repeta\u021bi asta cu Rom\u00e2nia \u00een minte\u201d, a transmis \u0218tef\u0103nu\u021b\u0103.<\/p>\n<p data-start=\"2174\" data-end=\"2301\" id=\"p-8\">El critic\u0103 at\u00e2t actualele m\u0103suri bugetare, c\u00e2t \u0219i politicile guvernelor anterioare care au contribuit la cre\u0219terea deficitului.<\/p>\n<p data-start=\"2303\" data-end=\"2608\" id=\"p-9\">\u201eO fi b\u0103ie\u021bii dichisi\u021bi cu calcule financiare \u00een minte mul\u021bumi\u021bi de ei \u00een\u0219i\u0219i, dar deciziile din topor, neexplicate bine \u0219i alese contra celor mai vulnerabili duc la revolt\u0103. La fel este valabil \u0219i pentru darurile electorale nes\u0103buite \u0219i l\u0103rgirea deficitului de cei dinainte\u201d, a ad\u0103ugat europarlamentarul.<\/p>\n<p data-start=\"2610\" data-end=\"2734\" id=\"p-10\">De asemenea, Nicu \u0218tef\u0103nu\u021b\u0103 avertizeaz\u0103 c\u0103 evolu\u021biile politice observate \u00een alte state europene se pot reproduce \u0219i \u00een Rom\u00e2nia:&nbsp;\u201eCe se poate \u00een Europa, se poate \u0219i \u00een Rom\u00e2nia \u2013 este ceva ce cred ca politician. Doar c\u0103 se aplic\u0103 \u0219i la bine \u0219i la r\u0103u. Urmeaz\u0103 Fran\u021ba\u2026\u201d.<\/p>\n<h2 dir=\"auto\" data-pm-slice=\"1 1 []\" id=\"chapter-2\">Extrema dreapt\u0103, rezultat record \u00een landul german Saxonia-Anhalt<\/h2>\n<p data-start=\"2967\" data-end=\"3332\" id=\"p-11\"><a href=\"https:\/\/www.mediafax.ro\/externe\/alegeri-in-germania-afd-obtine-un-scor-record-si-zdrobeste-cdu-in-saxonia-anhalt-primele-exit-poll-uri-23802751\">Alternativa pentru Germania (AfD) a c\u00e2\u0219tigat deta\u0219at alegeril<\/a>e regionale de duminic\u0103 din Saxonia-Anhalt, potrivit primelor estim\u0103ri publicate dup\u0103 \u00eenchiderea urnelor. AfD era creditat\u0103 cu 44,5% din voturi, fa\u021b\u0103 de 18,5% pentru CDU, partidul cancelarului Friedrich Merz.<\/p>\n<p data-start=\"2967\" data-end=\"3332\" id=\"p-12\">Rezultatul reprezint\u0103 cel mai bun scor ob\u021binut de forma\u021biunea de extrem\u0103 dreapta \u00eentr-un scrutin regional din Germania.<\/p>\n<p data-start=\"3334\" data-end=\"3574\" data-is-last-node data-is-only-node id=\"p-13\">Partidul Social-Democrat (SPD), partenerul CDU la guvernare la nivel federal, era cotat la 8%, iar Verzii, afla\u021bi \u00een opozi\u021bie, la 9%. Scorurile indic\u0103 o schimbare important\u0103 a raportului de for\u021be \u00een landul din estul Germaniei \u0219i amplific\u0103 dezbaterea privind ascensiunea AfD la nivel na\u021bional.<\/p>\n","protected":false},"excerpt":{"rendered":"<p>\u201eCo\u0219marul este real\u201d, a scris Nicu \u0218tef\u0103nu\u021b\u0103, duminic\u0103 seara, dup\u0103 primele estim\u0103ri ale scrutinului din Saxonia-Anhalt, care indic\u0103 un rezultat de peste 44% pentru Alternativa pentru Germania (AfD). Europarlamentarul consider\u0103 &hellip; <a href=\"https:\/\/microscopemedia.com\/?p=711985\" class=\"more-link\">Read More<\/a><\/p>\n","protected":false},"author":1,"featured_media":711986,"comment_status":"closed","ping_status":"closed","sticky":false,"template":"Default","format":"standard","meta":[],"categories":[1],"tags":[],"_links":{"self":[{"href":"https:\/\/microscopemedia.com\/index.php?rest_route=\/wp\/v2\/posts\/711985"}],"collection":[{"href":"https:\/\/microscopemedia.com\/index.php?rest_route=\/wp\/v2\/posts"}],"about":[{"href":"https:\/\/microscopemedia.com\/index.php?rest_route=\/wp\/v2\/types\/post"}],"author":[{"embeddable":true,"href":"https:\/\/microscopemedia.com\/index.php?rest_route=\/wp\/v2\/users\/1"}],"replies":[{"embeddable":true,"href":"https:\/\/microscopemedia.com\/index.php?rest_route=%2Fwp%2Fv2%2Fcomments&post=711985"}],"version-history":[{"count":0,"href":"https:\/\/microscopemedia.com\/index.php?rest_route=\/wp\/v2\/posts\/711985\/revisions"}],"wp:featuredmedia":[{"embeddable":true,"href":"https:\/\/microscopemedia.com\/index.php?rest_route=\/wp\/v2\/media\/711986"}],"wp:attachment":[{"href":"https:\/\/microscopemedia.com\/index.php?rest_route=%2Fwp%2Fv2%2Fmedia&parent=711985"}],"wp:term":[{"taxonomy":"category","embeddable":true,"href":"https:\/\/microscopemedia.com\/index.php?rest_route=%2Fwp%2Fv2%2Fcategories&post=711985"},{"taxonomy":"post_tag","embeddable":true,"href":"https:\/\/microscopemedia.com\/index.php?rest_route=%2Fwp%2Fv2%2Ftags&post=711985"}],"curies":[{"name":"wp","href":"https:\/\/api.w.org\/{rel}","templated":true}]}}